[{"@context":"https:\/\/schema.org\/","@type":"Blog","@id":"https:\/\/www.esfr.cz#Blog","headline":"","description":"","url":"https:\/\/www.esfr.cz","hasPart":[{"@type":"Article","@id":"https:\/\/www.esfr.cz\/dum-a-zahrada\/soukrome-ocko\/","headline":"Soukrom\u00e9 o\u010dko","url":"https:\/\/www.esfr.cz\/dum-a-zahrada\/soukrome-ocko\/","datePublished":"2019-08-20","dateModified":"2019-08-20","mainEntityOfPage":"https:\/\/www.esfr.cz\/dum-a-zahrada\/soukrome-ocko\/","author":{"@type":"Person","@id":"https:\/\/www.esfr.cz\/author\/#Person","name":"","url":"https:\/\/www.esfr.cz\/author\/","identifier":1,"image":{"@type":"ImageObject","@id":"https:\/\/secure.gravatar.com\/avatar\/2d2e3fdaba6370eba756fb4048c695326686ff29010a0df4d58b27c20544521d?s=96&d=mm&r=g","url":"https:\/\/secure.gravatar.com\/avatar\/2d2e3fdaba6370eba756fb4048c695326686ff29010a0df4d58b27c20544521d?s=96&d=mm&r=g","height":96,"width":96}},"publisher":{"@type":"Organization","name":"esfr.cz","logo":{"@type":"ImageObject","@id":"\/logo.png","url":"\/logo.png","width":600,"height":60}},"image":{"@type":"ImageObject","@id":"https:\/\/www.esfr.cz\/wp-content\/uploads\/img_a351436_w1681_t1566052348.jpg","url":"https:\/\/www.esfr.cz\/wp-content\/uploads\/img_a351436_w1681_t1566052348.jpg","height":0,"width":0},"wordCount":4469,"keywords":null},{"@type":"Article","@id":"https:\/\/www.esfr.cz\/dum-a-zahrada\/pro-krasu-i-pro-citlive-oci\/","headline":"Pro kr\u00e1su i pro citliv\u00e9 o\u010di","url":"https:\/\/www.esfr.cz\/dum-a-zahrada\/pro-krasu-i-pro-citlive-oci\/","datePublished":"2019-08-17","dateModified":"2019-08-17","mainEntityOfPage":"https:\/\/www.esfr.cz\/dum-a-zahrada\/pro-krasu-i-pro-citlive-oci\/","author":{"@type":"Person","@id":"https:\/\/www.esfr.cz\/author\/#Person","name":"","url":"https:\/\/www.esfr.cz\/author\/","identifier":1,"image":{"@type":"ImageObject","@id":"https:\/\/secure.gravatar.com\/avatar\/2d2e3fdaba6370eba756fb4048c695326686ff29010a0df4d58b27c20544521d?s=96&d=mm&r=g","url":"https:\/\/secure.gravatar.com\/avatar\/2d2e3fdaba6370eba756fb4048c695326686ff29010a0df4d58b27c20544521d?s=96&d=mm&r=g","height":96,"width":96}},"publisher":{"@type":"Organization","name":"esfr.cz","logo":{"@type":"ImageObject","@id":"\/logo.png","url":"\/logo.png","width":600,"height":60}},"image":{"@type":"ImageObject","@id":"https:\/\/www.esfr.cz\/wp-content\/uploads\/img_a358068_w1681_t1572425800.jpg","url":"https:\/\/www.esfr.cz\/wp-content\/uploads\/img_a358068_w1681_t1572425800.jpg","height":0,"width":0},"wordCount":515,"keywords":null},{"@type":"Article","@id":"https:\/\/www.esfr.cz\/dum-a-zahrada\/proc-vzniklo-modni-modre-vino\/","headline":"Pro\u010d vzniklo m\u00f3dn\u00ed modr\u00e9 v\u00edno?","url":"https:\/\/www.esfr.cz\/dum-a-zahrada\/proc-vzniklo-modni-modre-vino\/","datePublished":"2019-08-15","dateModified":"2019-08-15","mainEntityOfPage":"https:\/\/www.esfr.cz\/dum-a-zahrada\/proc-vzniklo-modni-modre-vino\/","author":{"@type":"Person","@id":"https:\/\/www.esfr.cz\/author\/#Person","name":"","url":"https:\/\/www.esfr.cz\/author\/","identifier":1,"image":{"@type":"ImageObject","@id":"https:\/\/secure.gravatar.com\/avatar\/2d2e3fdaba6370eba756fb4048c695326686ff29010a0df4d58b27c20544521d?s=96&d=mm&r=g","url":"https:\/\/secure.gravatar.com\/avatar\/2d2e3fdaba6370eba756fb4048c695326686ff29010a0df4d58b27c20544521d?s=96&d=mm&r=g","height":96,"width":96}},"publisher":{"@type":"Organization","name":"esfr.cz","logo":{"@type":"ImageObject","@id":"\/logo.png","url":"\/logo.png","width":600,"height":60}},"image":{"@type":"ImageObject","@id":"https:\/\/www.esfr.cz\/wp-content\/uploads\/img_a358089_w1681_t1572428113.jpg","url":"https:\/\/www.esfr.cz\/wp-content\/uploads\/img_a358089_w1681_t1572428113.jpg","height":0,"width":0},"wordCount":521,"keywords":null},{"@type":"Article","@id":"https:\/\/www.esfr.cz\/dum-a-zahrada\/nizkoenergeticky-a-pasivni-dum-s-vlastni-garazi\/","headline":"N\u00edzkoenergetick\u00fd a pasivn\u00ed d\u016fm s vlastn\u00ed gar\u00e1\u017e\u00ed","url":"https:\/\/www.esfr.cz\/dum-a-zahrada\/nizkoenergeticky-a-pasivni-dum-s-vlastni-garazi\/","datePublished":"2019-08-14","dateModified":"2019-08-14","mainEntityOfPage":"https:\/\/www.esfr.cz\/dum-a-zahrada\/nizkoenergeticky-a-pasivni-dum-s-vlastni-garazi\/","author":{"@type":"Person","@id":"https:\/\/www.esfr.cz\/author\/#Person","name":"","url":"https:\/\/www.esfr.cz\/author\/","identifier":1,"image":{"@type":"ImageObject","@id":"https:\/\/secure.gravatar.com\/avatar\/2d2e3fdaba6370eba756fb4048c695326686ff29010a0df4d58b27c20544521d?s=96&d=mm&r=g","url":"https:\/\/secure.gravatar.com\/avatar\/2d2e3fdaba6370eba756fb4048c695326686ff29010a0df4d58b27c20544521d?s=96&d=mm&r=g","height":96,"width":96}},"publisher":{"@type":"Organization","name":"esfr.cz","logo":{"@type":"ImageObject","@id":"\/logo.png","url":"\/logo.png","width":600,"height":60}},"image":{"@type":"ImageObject","@id":"https:\/\/www.esfr.cz\/wp-content\/uploads\/img_a358462_w1681_t1572855204.jpg","url":"https:\/\/www.esfr.cz\/wp-content\/uploads\/img_a358462_w1681_t1572855204.jpg","height":0,"width":0},"wordCount":4521,"keywords":null},{"@type":"Article","@id":"https:\/\/www.esfr.cz\/dum-a-zahrada\/pohodlny-spanek-na-kvalitni-matraci\/","headline":"Pohodln\u00fd sp\u00e1nek na kvalitn\u00ed matraci","url":"https:\/\/www.esfr.cz\/dum-a-zahrada\/pohodlny-spanek-na-kvalitni-matraci\/","datePublished":"2019-08-12","dateModified":"2019-08-12","mainEntityOfPage":"https:\/\/www.esfr.cz\/dum-a-zahrada\/pohodlny-spanek-na-kvalitni-matraci\/","author":{"@type":"Person","@id":"https:\/\/www.esfr.cz\/author\/#Person","name":"","url":"https:\/\/www.esfr.cz\/author\/","identifier":1,"image":{"@type":"ImageObject","@id":"https:\/\/secure.gravatar.com\/avatar\/2d2e3fdaba6370eba756fb4048c695326686ff29010a0df4d58b27c20544521d?s=96&d=mm&r=g","url":"https:\/\/secure.gravatar.com\/avatar\/2d2e3fdaba6370eba756fb4048c695326686ff29010a0df4d58b27c20544521d?s=96&d=mm&r=g","height":96,"width":96}},"publisher":{"@type":"Organization","name":"esfr.cz","logo":{"@type":"ImageObject","@id":"\/logo.png","url":"\/logo.png","width":600,"height":60}},"image":{"@type":"ImageObject","@id":"https:\/\/www.esfr.cz\/wp-content\/uploads\/img_a358747_w1681_t1573023848.jpg","url":"https:\/\/www.esfr.cz\/wp-content\/uploads\/img_a358747_w1681_t1573023848.jpg","height":0,"width":0},"wordCount":590,"keywords":null},{"@type":"Article","@id":"https:\/\/www.esfr.cz\/dum-a-zahrada\/potrebujete-nahle-auto\/","headline":"Pot\u0159ebujete n\u00e1hle auto?","url":"https:\/\/www.esfr.cz\/dum-a-zahrada\/potrebujete-nahle-auto\/","datePublished":"2019-08-10","dateModified":"2019-08-10","mainEntityOfPage":"https:\/\/www.esfr.cz\/dum-a-zahrada\/potrebujete-nahle-auto\/","author":{"@type":"Person","@id":"https:\/\/www.esfr.cz\/author\/#Person","name":"","url":"https:\/\/www.esfr.cz\/author\/","identifier":1,"image":{"@type":"ImageObject","@id":"https:\/\/secure.gravatar.com\/avatar\/2d2e3fdaba6370eba756fb4048c695326686ff29010a0df4d58b27c20544521d?s=96&d=mm&r=g","url":"https:\/\/secure.gravatar.com\/avatar\/2d2e3fdaba6370eba756fb4048c695326686ff29010a0df4d58b27c20544521d?s=96&d=mm&r=g","height":96,"width":96}},"publisher":{"@type":"Organization","name":"esfr.cz","logo":{"@type":"ImageObject","@id":"\/logo.png","url":"\/logo.png","width":600,"height":60}},"image":{"@type":"ImageObject","@id":"https:\/\/www.esfr.cz\/wp-content\/uploads\/img_a357143_w1681_t1571762593.jpg","url":"https:\/\/www.esfr.cz\/wp-content\/uploads\/img_a357143_w1681_t1571762593.jpg","height":0,"width":0},"wordCount":570,"keywords":null},{"@type":"Article","@id":"https:\/\/www.esfr.cz\/dum-a-zahrada\/nebojte-se-nechat-si-pomoci-se-svatbou\/","headline":"Nebojte se nechat si pomoci se svatbou","url":"https:\/\/www.esfr.cz\/dum-a-zahrada\/nebojte-se-nechat-si-pomoci-se-svatbou\/","datePublished":"2019-08-08","dateModified":"2019-08-08","mainEntityOfPage":"https:\/\/www.esfr.cz\/dum-a-zahrada\/nebojte-se-nechat-si-pomoci-se-svatbou\/","author":{"@type":"Person","@id":"https:\/\/www.esfr.cz\/author\/#Person","name":"","url":"https:\/\/www.esfr.cz\/author\/","identifier":1,"image":{"@type":"ImageObject","@id":"https:\/\/secure.gravatar.com\/avatar\/2d2e3fdaba6370eba756fb4048c695326686ff29010a0df4d58b27c20544521d?s=96&d=mm&r=g","url":"https:\/\/secure.gravatar.com\/avatar\/2d2e3fdaba6370eba756fb4048c695326686ff29010a0df4d58b27c20544521d?s=96&d=mm&r=g","height":96,"width":96}},"publisher":{"@type":"Organization","name":"esfr.cz","logo":{"@type":"ImageObject","@id":"\/logo.png","url":"\/logo.png","width":600,"height":60}},"image":{"@type":"ImageObject","@id":"https:\/\/www.esfr.cz\/wp-content\/uploads\/img_a354380_w1681_t1568960508.jpg","url":"https:\/\/www.esfr.cz\/wp-content\/uploads\/img_a354380_w1681_t1568960508.jpg","height":0,"width":0},"wordCount":548,"keywords":null},{"@type":"Article","@id":"https:\/\/www.esfr.cz\/dum-a-zahrada\/ubytovani-v-soukrome-chate-v-adrspachu-muzete-spojit-s-vylety-do-krkonos\/","headline":"Ubytov\u00e1n\u00ed v soukrom\u00e9 chat\u011b v Adr\u0161pachu m\u016f\u017eete spojit s v\u00fdlety do Krkono\u0161","url":"https:\/\/www.esfr.cz\/dum-a-zahrada\/ubytovani-v-soukrome-chate-v-adrspachu-muzete-spojit-s-vylety-do-krkonos\/","datePublished":"2019-08-08","dateModified":"2019-08-08","mainEntityOfPage":"https:\/\/www.esfr.cz\/dum-a-zahrada\/ubytovani-v-soukrome-chate-v-adrspachu-muzete-spojit-s-vylety-do-krkonos\/","author":{"@type":"Person","@id":"https:\/\/www.esfr.cz\/author\/#Person","name":"","url":"https:\/\/www.esfr.cz\/author\/","identifier":1,"image":{"@type":"ImageObject","@id":"https:\/\/secure.gravatar.com\/avatar\/2d2e3fdaba6370eba756fb4048c695326686ff29010a0df4d58b27c20544521d?s=96&d=mm&r=g","url":"https:\/\/secure.gravatar.com\/avatar\/2d2e3fdaba6370eba756fb4048c695326686ff29010a0df4d58b27c20544521d?s=96&d=mm&r=g","height":96,"width":96}},"publisher":{"@type":"Organization","name":"esfr.cz","logo":{"@type":"ImageObject","@id":"\/logo.png","url":"\/logo.png","width":600,"height":60}},"image":{"@type":"ImageObject","@id":"https:\/\/www.esfr.cz\/wp-content\/uploads\/img_a357359_w1681_t1571912395.jpg","url":"https:\/\/www.esfr.cz\/wp-content\/uploads\/img_a357359_w1681_t1571912395.jpg","height":0,"width":0},"wordCount":519,"keywords":null},{"@type":"Article","@id":"https:\/\/www.esfr.cz\/dum-a-zahrada\/udelejte-si-jasno-v-pojmech\/","headline":"Ud\u011blejte si jasno v pojmech","url":"https:\/\/www.esfr.cz\/dum-a-zahrada\/udelejte-si-jasno-v-pojmech\/","datePublished":"2019-08-08","dateModified":"2019-08-08","mainEntityOfPage":"https:\/\/www.esfr.cz\/dum-a-zahrada\/udelejte-si-jasno-v-pojmech\/","author":{"@type":"Person","@id":"https:\/\/www.esfr.cz\/author\/#Person","name":"","url":"https:\/\/www.esfr.cz\/author\/","identifier":1,"image":{"@type":"ImageObject","@id":"https:\/\/secure.gravatar.com\/avatar\/2d2e3fdaba6370eba756fb4048c695326686ff29010a0df4d58b27c20544521d?s=96&d=mm&r=g","url":"https:\/\/secure.gravatar.com\/avatar\/2d2e3fdaba6370eba756fb4048c695326686ff29010a0df4d58b27c20544521d?s=96&d=mm&r=g","height":96,"width":96}},"publisher":{"@type":"Organization","name":"esfr.cz","logo":{"@type":"ImageObject","@id":"\/logo.png","url":"\/logo.png","width":600,"height":60}},"image":{"@type":"ImageObject","@id":"https:\/\/www.esfr.cz\/wp-content\/uploads\/img_a359021_w1681_t1573147801.jpg","url":"https:\/\/www.esfr.cz\/wp-content\/uploads\/img_a359021_w1681_t1573147801.jpg","height":0,"width":0},"wordCount":659,"keywords":null},{"@type":"Article","@id":"https:\/\/www.esfr.cz\/dum-a-zahrada\/kdyz-je-treba-vyklidit-nemovitost\/","headline":"Kdy\u017e je t\u0159eba vyklidit nemovitost","url":"https:\/\/www.esfr.cz\/dum-a-zahrada\/kdyz-je-treba-vyklidit-nemovitost\/","datePublished":"2019-08-02","dateModified":"2019-08-02","mainEntityOfPage":"https:\/\/www.esfr.cz\/dum-a-zahrada\/kdyz-je-treba-vyklidit-nemovitost\/","author":{"@type":"Person","@id":"https:\/\/www.esfr.cz\/author\/#Person","name":"","url":"https:\/\/www.esfr.cz\/author\/","identifier":1,"image":{"@type":"ImageObject","@id":"https:\/\/secure.gravatar.com\/avatar\/2d2e3fdaba6370eba756fb4048c695326686ff29010a0df4d58b27c20544521d?s=96&d=mm&r=g","url":"https:\/\/secure.gravatar.com\/avatar\/2d2e3fdaba6370eba756fb4048c695326686ff29010a0df4d58b27c20544521d?s=96&d=mm&r=g","height":96,"width":96}},"publisher":{"@type":"Organization","name":"esfr.cz","logo":{"@type":"ImageObject","@id":"\/logo.png","url":"\/logo.png","width":600,"height":60}},"image":{"@type":"ImageObject","@id":"https:\/\/www.esfr.cz\/wp-content\/uploads\/img_a358078_w1681_t1572426799.jpg","url":"https:\/\/www.esfr.cz\/wp-content\/uploads\/img_a358078_w1681_t1572426799.jpg","height":0,"width":0},"wordCount":543,"keywords":null}]},{"@context":"https:\/\/schema.org","@type":"WebSite","@id":"https:\/\/www.esfr.cz\/#website","name":"","url":"https:\/\/www.esfr.cz","potentialAction":{"@type":"SearchAction","target":"https:\/\/www.esfr.cz\/?s={search_term_string}","query-input":"required name=search_term_string"}}]