[{"@context":"https:\/\/schema.org\/","@type":"Blog","@id":"https:\/\/www.esfr.cz#Blog","headline":"","description":"","url":"https:\/\/www.esfr.cz","hasPart":[{"@type":"Article","@id":"https:\/\/www.esfr.cz\/dum-a-zahrada\/drevena-fasada-a-barvy\/","headline":"D\u0159ev\u011bn\u00e1 fas\u00e1da a barvy","url":"https:\/\/www.esfr.cz\/dum-a-zahrada\/drevena-fasada-a-barvy\/","datePublished":"2019-09-15","dateModified":"2019-09-15","mainEntityOfPage":"https:\/\/www.esfr.cz\/dum-a-zahrada\/drevena-fasada-a-barvy\/","author":{"@type":"Person","@id":"https:\/\/www.esfr.cz\/author\/#Person","name":"","url":"https:\/\/www.esfr.cz\/author\/","identifier":1,"image":{"@type":"ImageObject","@id":"https:\/\/secure.gravatar.com\/avatar\/2d2e3fdaba6370eba756fb4048c695326686ff29010a0df4d58b27c20544521d?s=96&d=mm&r=g","url":"https:\/\/secure.gravatar.com\/avatar\/2d2e3fdaba6370eba756fb4048c695326686ff29010a0df4d58b27c20544521d?s=96&d=mm&r=g","height":96,"width":96}},"publisher":{"@type":"Organization","name":"esfr.cz","logo":{"@type":"ImageObject","@id":"\/logo.png","url":"\/logo.png","width":600,"height":60}},"image":{"@type":"ImageObject","@id":"https:\/\/www.esfr.cz\/wp-content\/uploads\/img_a360275_w1681_t1574087769.jpg","url":"https:\/\/www.esfr.cz\/wp-content\/uploads\/img_a360275_w1681_t1574087769.jpg","height":0,"width":0},"wordCount":564,"keywords":null},{"@type":"Article","@id":"https:\/\/www.esfr.cz\/dum-a-zahrada\/vanoce-se-ziskems-firmou-selvintech\/","headline":"V\u00e1noce se ziskems firmou Selvintech","url":"https:\/\/www.esfr.cz\/dum-a-zahrada\/vanoce-se-ziskems-firmou-selvintech\/","datePublished":"2019-09-15","dateModified":"2019-09-15","mainEntityOfPage":"https:\/\/www.esfr.cz\/dum-a-zahrada\/vanoce-se-ziskems-firmou-selvintech\/","author":{"@type":"Person","@id":"https:\/\/www.esfr.cz\/author\/#Person","name":"","url":"https:\/\/www.esfr.cz\/author\/","identifier":1,"image":{"@type":"ImageObject","@id":"https:\/\/secure.gravatar.com\/avatar\/2d2e3fdaba6370eba756fb4048c695326686ff29010a0df4d58b27c20544521d?s=96&d=mm&r=g","url":"https:\/\/secure.gravatar.com\/avatar\/2d2e3fdaba6370eba756fb4048c695326686ff29010a0df4d58b27c20544521d?s=96&d=mm&r=g","height":96,"width":96}},"publisher":{"@type":"Organization","name":"esfr.cz","logo":{"@type":"ImageObject","@id":"\/logo.png","url":"\/logo.png","width":600,"height":60}},"image":{"@type":"ImageObject","@id":"https:\/\/www.esfr.cz\/wp-content\/uploads\/img_a363424_w1681_t1576139012.jpg","url":"https:\/\/www.esfr.cz\/wp-content\/uploads\/img_a363424_w1681_t1576139012.jpg","height":0,"width":0},"wordCount":576,"keywords":null},{"@type":"Article","@id":"https:\/\/www.esfr.cz\/dum-a-zahrada\/shanite-prostorne-vozidlo\/","headline":"Sh\u00e1n\u00edte prostorn\u00e9 vozidlo?","url":"https:\/\/www.esfr.cz\/dum-a-zahrada\/shanite-prostorne-vozidlo\/","datePublished":"2019-09-15","dateModified":"2019-09-15","mainEntityOfPage":"https:\/\/www.esfr.cz\/dum-a-zahrada\/shanite-prostorne-vozidlo\/","author":{"@type":"Person","@id":"https:\/\/www.esfr.cz\/author\/#Person","name":"","url":"https:\/\/www.esfr.cz\/author\/","identifier":1,"image":{"@type":"ImageObject","@id":"https:\/\/secure.gravatar.com\/avatar\/2d2e3fdaba6370eba756fb4048c695326686ff29010a0df4d58b27c20544521d?s=96&d=mm&r=g","url":"https:\/\/secure.gravatar.com\/avatar\/2d2e3fdaba6370eba756fb4048c695326686ff29010a0df4d58b27c20544521d?s=96&d=mm&r=g","height":96,"width":96}},"publisher":{"@type":"Organization","name":"esfr.cz","logo":{"@type":"ImageObject","@id":"\/logo.png","url":"\/logo.png","width":600,"height":60}},"image":{"@type":"ImageObject","@id":"https:\/\/www.esfr.cz\/wp-content\/uploads\/img_a358894_w1681_t1573118403.jpg","url":"https:\/\/www.esfr.cz\/wp-content\/uploads\/img_a358894_w1681_t1573118403.jpg","height":0,"width":0},"wordCount":536,"keywords":null},{"@type":"Article","@id":"https:\/\/www.esfr.cz\/dum-a-zahrada\/mobilheim-dum-ktery-vam-bude-ihned-rikat-pane\/","headline":"Mobilheim \u2013 d\u016fm, kter\u00fd v\u00e1m bude ihned \u0159\u00edkat pane","url":"https:\/\/www.esfr.cz\/dum-a-zahrada\/mobilheim-dum-ktery-vam-bude-ihned-rikat-pane\/","datePublished":"2019-09-11","dateModified":"2019-09-11","mainEntityOfPage":"https:\/\/www.esfr.cz\/dum-a-zahrada\/mobilheim-dum-ktery-vam-bude-ihned-rikat-pane\/","author":{"@type":"Person","@id":"https:\/\/www.esfr.cz\/author\/#Person","name":"","url":"https:\/\/www.esfr.cz\/author\/","identifier":1,"image":{"@type":"ImageObject","@id":"https:\/\/secure.gravatar.com\/avatar\/2d2e3fdaba6370eba756fb4048c695326686ff29010a0df4d58b27c20544521d?s=96&d=mm&r=g","url":"https:\/\/secure.gravatar.com\/avatar\/2d2e3fdaba6370eba756fb4048c695326686ff29010a0df4d58b27c20544521d?s=96&d=mm&r=g","height":96,"width":96}},"publisher":{"@type":"Organization","name":"esfr.cz","logo":{"@type":"ImageObject","@id":"\/logo.png","url":"\/logo.png","width":600,"height":60}},"image":{"@type":"ImageObject","@id":"https:\/\/www.esfr.cz\/wp-content\/uploads\/img_a362265_w1681_t1575279146.jpg","url":"https:\/\/www.esfr.cz\/wp-content\/uploads\/img_a362265_w1681_t1575279146.jpg","height":0,"width":0},"wordCount":4546,"keywords":null},{"@type":"Article","@id":"https:\/\/www.esfr.cz\/dum-a-zahrada\/kde-se-rodi-krasa-selvintech\/","headline":"Kde se rod\u00ed kr\u00e1sa &#8211; Selvintech","url":"https:\/\/www.esfr.cz\/dum-a-zahrada\/kde-se-rodi-krasa-selvintech\/","datePublished":"2019-09-08","dateModified":"2019-09-08","mainEntityOfPage":"https:\/\/www.esfr.cz\/dum-a-zahrada\/kde-se-rodi-krasa-selvintech\/","author":{"@type":"Person","@id":"https:\/\/www.esfr.cz\/author\/#Person","name":"","url":"https:\/\/www.esfr.cz\/author\/","identifier":1,"image":{"@type":"ImageObject","@id":"https:\/\/secure.gravatar.com\/avatar\/2d2e3fdaba6370eba756fb4048c695326686ff29010a0df4d58b27c20544521d?s=96&d=mm&r=g","url":"https:\/\/secure.gravatar.com\/avatar\/2d2e3fdaba6370eba756fb4048c695326686ff29010a0df4d58b27c20544521d?s=96&d=mm&r=g","height":96,"width":96}},"publisher":{"@type":"Organization","name":"esfr.cz","logo":{"@type":"ImageObject","@id":"\/logo.png","url":"\/logo.png","width":600,"height":60}},"image":{"@type":"ImageObject","@id":"https:\/\/www.esfr.cz\/wp-content\/uploads\/img_a363420_w1681_t1576138421.jpg","url":"https:\/\/www.esfr.cz\/wp-content\/uploads\/img_a363420_w1681_t1576138421.jpg","height":0,"width":0},"wordCount":630,"keywords":null},{"@type":"Article","@id":"https:\/\/www.esfr.cz\/dum-a-zahrada\/neni-nad-hezky-vzhled-a-prakticke-usporadani\/","headline":"Nen\u00ed nad hezk\u00fd vzhled a praktick\u00e9 uspo\u0159\u00e1d\u00e1n\u00ed","url":"https:\/\/www.esfr.cz\/dum-a-zahrada\/neni-nad-hezky-vzhled-a-prakticke-usporadani\/","datePublished":"2019-09-05","dateModified":"2019-09-05","mainEntityOfPage":"https:\/\/www.esfr.cz\/dum-a-zahrada\/neni-nad-hezky-vzhled-a-prakticke-usporadani\/","author":{"@type":"Person","@id":"https:\/\/www.esfr.cz\/author\/#Person","name":"","url":"https:\/\/www.esfr.cz\/author\/","identifier":1,"image":{"@type":"ImageObject","@id":"https:\/\/secure.gravatar.com\/avatar\/2d2e3fdaba6370eba756fb4048c695326686ff29010a0df4d58b27c20544521d?s=96&d=mm&r=g","url":"https:\/\/secure.gravatar.com\/avatar\/2d2e3fdaba6370eba756fb4048c695326686ff29010a0df4d58b27c20544521d?s=96&d=mm&r=g","height":96,"width":96}},"publisher":{"@type":"Organization","name":"esfr.cz","logo":{"@type":"ImageObject","@id":"\/logo.png","url":"\/logo.png","width":600,"height":60}},"image":{"@type":"ImageObject","@id":"https:\/\/www.esfr.cz\/wp-content\/uploads\/img_a358764_w1681_t1573036046.png","url":"https:\/\/www.esfr.cz\/wp-content\/uploads\/img_a358764_w1681_t1573036046.png","height":0,"width":0},"wordCount":560,"keywords":null},{"@type":"Article","@id":"https:\/\/www.esfr.cz\/dum-a-zahrada\/vezmete-si-americkou-hypoteku\/","headline":"Vezm\u011bte si americkou hypot\u00e9ku","url":"https:\/\/www.esfr.cz\/dum-a-zahrada\/vezmete-si-americkou-hypoteku\/","datePublished":"2019-08-23","dateModified":"2019-08-23","mainEntityOfPage":"https:\/\/www.esfr.cz\/dum-a-zahrada\/vezmete-si-americkou-hypoteku\/","author":{"@type":"Person","@id":"https:\/\/www.esfr.cz\/author\/#Person","name":"","url":"https:\/\/www.esfr.cz\/author\/","identifier":1,"image":{"@type":"ImageObject","@id":"https:\/\/secure.gravatar.com\/avatar\/2d2e3fdaba6370eba756fb4048c695326686ff29010a0df4d58b27c20544521d?s=96&d=mm&r=g","url":"https:\/\/secure.gravatar.com\/avatar\/2d2e3fdaba6370eba756fb4048c695326686ff29010a0df4d58b27c20544521d?s=96&d=mm&r=g","height":96,"width":96}},"publisher":{"@type":"Organization","name":"esfr.cz","logo":{"@type":"ImageObject","@id":"\/logo.png","url":"\/logo.png","width":600,"height":60}},"image":{"@type":"ImageObject","@id":"https:\/\/www.esfr.cz\/wp-content\/uploads\/img_a360045_w1681_t1573966707.jpg","url":"https:\/\/www.esfr.cz\/wp-content\/uploads\/img_a360045_w1681_t1573966707.jpg","height":0,"width":0},"wordCount":604,"keywords":null},{"@type":"Article","@id":"https:\/\/www.esfr.cz\/dum-a-zahrada\/mit-na-vyber-se-v-oblasti-dopravy-vskutku-vyplati\/","headline":"M\u00edt na v\u00fdb\u011br se v oblasti dopravy vskutku vyplat\u00ed","url":"https:\/\/www.esfr.cz\/dum-a-zahrada\/mit-na-vyber-se-v-oblasti-dopravy-vskutku-vyplati\/","datePublished":"2019-08-23","dateModified":"2019-08-23","mainEntityOfPage":"https:\/\/www.esfr.cz\/dum-a-zahrada\/mit-na-vyber-se-v-oblasti-dopravy-vskutku-vyplati\/","author":{"@type":"Person","@id":"https:\/\/www.esfr.cz\/author\/#Person","name":"","url":"https:\/\/www.esfr.cz\/author\/","identifier":1,"image":{"@type":"ImageObject","@id":"https:\/\/secure.gravatar.com\/avatar\/2d2e3fdaba6370eba756fb4048c695326686ff29010a0df4d58b27c20544521d?s=96&d=mm&r=g","url":"https:\/\/secure.gravatar.com\/avatar\/2d2e3fdaba6370eba756fb4048c695326686ff29010a0df4d58b27c20544521d?s=96&d=mm&r=g","height":96,"width":96}},"publisher":{"@type":"Organization","name":"esfr.cz","logo":{"@type":"ImageObject","@id":"\/logo.png","url":"\/logo.png","width":600,"height":60}},"image":{"@type":"ImageObject","@id":"https:\/\/www.esfr.cz\/wp-content\/uploads\/img_a354903_w1681_t1569391633.jpg","url":"https:\/\/www.esfr.cz\/wp-content\/uploads\/img_a354903_w1681_t1569391633.jpg","height":0,"width":0},"wordCount":507,"keywords":null},{"@type":"Article","@id":"https:\/\/www.esfr.cz\/dum-a-zahrada\/do-banky-uz-chodit-nemusite\/","headline":"Do banky u\u017e chodit nemus\u00edte","url":"https:\/\/www.esfr.cz\/dum-a-zahrada\/do-banky-uz-chodit-nemusite\/","datePublished":"2019-08-23","dateModified":"2019-08-23","mainEntityOfPage":"https:\/\/www.esfr.cz\/dum-a-zahrada\/do-banky-uz-chodit-nemusite\/","author":{"@type":"Person","@id":"https:\/\/www.esfr.cz\/author\/#Person","name":"","url":"https:\/\/www.esfr.cz\/author\/","identifier":1,"image":{"@type":"ImageObject","@id":"https:\/\/secure.gravatar.com\/avatar\/2d2e3fdaba6370eba756fb4048c695326686ff29010a0df4d58b27c20544521d?s=96&d=mm&r=g","url":"https:\/\/secure.gravatar.com\/avatar\/2d2e3fdaba6370eba756fb4048c695326686ff29010a0df4d58b27c20544521d?s=96&d=mm&r=g","height":96,"width":96}},"publisher":{"@type":"Organization","name":"esfr.cz","logo":{"@type":"ImageObject","@id":"\/logo.png","url":"\/logo.png","width":600,"height":60}},"image":{"@type":"ImageObject","@id":"https:\/\/www.esfr.cz\/wp-content\/uploads\/img_a359975_w1681_t1573848909.jpg","url":"https:\/\/www.esfr.cz\/wp-content\/uploads\/img_a359975_w1681_t1573848909.jpg","height":0,"width":0},"wordCount":4611,"keywords":null},{"@type":"Article","@id":"https:\/\/www.esfr.cz\/dum-a-zahrada\/domy-by-nemely-byt-bez-klimatizace\/","headline":"Domy by nem\u011bly b\u00fdt bez klimatizace","url":"https:\/\/www.esfr.cz\/dum-a-zahrada\/domy-by-nemely-byt-bez-klimatizace\/","datePublished":"2019-08-22","dateModified":"2019-08-22","mainEntityOfPage":"https:\/\/www.esfr.cz\/dum-a-zahrada\/domy-by-nemely-byt-bez-klimatizace\/","author":{"@type":"Person","@id":"https:\/\/www.esfr.cz\/author\/#Person","name":"","url":"https:\/\/www.esfr.cz\/author\/","identifier":1,"image":{"@type":"ImageObject","@id":"https:\/\/secure.gravatar.com\/avatar\/2d2e3fdaba6370eba756fb4048c695326686ff29010a0df4d58b27c20544521d?s=96&d=mm&r=g","url":"https:\/\/secure.gravatar.com\/avatar\/2d2e3fdaba6370eba756fb4048c695326686ff29010a0df4d58b27c20544521d?s=96&d=mm&r=g","height":96,"width":96}},"publisher":{"@type":"Organization","name":"esfr.cz","logo":{"@type":"ImageObject","@id":"\/logo.png","url":"\/logo.png","width":600,"height":60}},"image":{"@type":"ImageObject","@id":"https:\/\/www.esfr.cz\/wp-content\/uploads\/img_a357152_w1681_t1571764596.jpg","url":"https:\/\/www.esfr.cz\/wp-content\/uploads\/img_a357152_w1681_t1571764596.jpg","height":0,"width":0},"wordCount":557,"keywords":null}]},{"@context":"https:\/\/schema.org","@type":"WebSite","@id":"https:\/\/www.esfr.cz\/#website","name":"","url":"https:\/\/www.esfr.cz","potentialAction":{"@type":"SearchAction","target":"https:\/\/www.esfr.cz\/?s={search_term_string}","query-input":"required name=search_term_string"}}]