[{"@context":"https:\/\/schema.org\/","@type":"Article","@id":"https:\/\/www.esfr.cz\/dum-a-zahrada\/zazitek-ktery-vam-vezme-dech\/#Article","mainEntityOfPage":"https:\/\/www.esfr.cz\/dum-a-zahrada\/zazitek-ktery-vam-vezme-dech\/","headline":"Z\u00e1\u017eitek, kter\u00fd v\u00e1m vezme dech","name":"Z\u00e1\u017eitek, kter\u00fd v\u00e1m vezme dech","description":"Nav\u0161tivte \u201eZahradu Evropy\u201c Kr\u00e1sn\u00e1 p\u0159\u00edroda, proch\u00e1zky, b\u00e1je\u010dn\u00fd v\u00fdhled, jedine\u010dn\u00e9 prost\u0159ed\u00ed. To v\u0161echno m\u016f\u017eete m\u00edt, kdy\u017e nav\u0161t\u00edv\u00edte \u201eZahradu Evropy\u201c. Tak se p\u0159ezd\u00edv\u00e1 tomuto v\u00fdjime\u010dn\u00e9mu a jedine\u010dn\u00e9mu kraji. A nen\u00ed se co divit, proto\u017ee tento kraj m\u00e1 rozhodn\u011b co nab\u00eddnout. Nejv\u011bt\u0161\u00ed kulturn\u00ed pam\u00e1tkou je historick\u00fd z\u00e1mek Lednice. Hotel Lednice je \u010dasto a hojn\u011b nav\u0161t\u011bvovan\u00fdm m\u00edstem. I v [&hellip;]","datePublished":"2019-01-16","dateModified":"2019-01-16","author":{"@type":"Person","@id":"https:\/\/www.esfr.cz\/author\/#Person","name":"","url":"https:\/\/www.esfr.cz\/author\/","identifier":1,"image":{"@type":"ImageObject","@id":"https:\/\/secure.gravatar.com\/avatar\/2d2e3fdaba6370eba756fb4048c695326686ff29010a0df4d58b27c20544521d?s=96&d=mm&r=g","url":"https:\/\/secure.gravatar.com\/avatar\/2d2e3fdaba6370eba756fb4048c695326686ff29010a0df4d58b27c20544521d?s=96&d=mm&r=g","height":96,"width":96}},"publisher":{"@type":"Organization","name":"esfr.cz","logo":{"@type":"ImageObject","@id":"\/logo.png","url":"\/logo.png","width":600,"height":60}},"image":{"@type":"ImageObject","@id":"https:\/\/www.esfr.cz\/wp-content\/uploads\/img_a336607_w1681_t1549975454.jpg","url":"https:\/\/www.esfr.cz\/wp-content\/uploads\/img_a336607_w1681_t1549975454.jpg","height":0,"width":0},"url":"https:\/\/www.esfr.cz\/dum-a-zahrada\/zazitek-ktery-vam-vezme-dech\/","wordCount":408,"articleBody":"      Nav\u0161tivte \u201eZahradu Evropy\u201c  Kr\u00e1sn\u00e1 p\u0159\u00edroda, proch\u00e1zky, b\u00e1je\u010dn\u00fd v\u00fdhled, jedine\u010dn\u00e9 prost\u0159ed\u00ed. To v\u0161echno m\u016f\u017eete m\u00edt, kdy\u017e nav\u0161t\u00edv\u00edte \u201eZahradu Evropy\u201c. Tak se p\u0159ezd\u00edv\u00e1 tomuto v\u00fdjime\u010dn\u00e9mu a jedine\u010dn\u00e9mu kraji. A nen\u00ed se co divit, proto\u017ee tento kraj m\u00e1 rozhodn\u011b co nab\u00eddnout. Nejv\u011bt\u0161\u00ed kulturn\u00ed pam\u00e1tkou je historick\u00fd z\u00e1mek Lednice.  Hotel Lednice je \u010dasto a hojn\u011b nav\u0161t\u011bvovan\u00fdm m\u00edstem. I v tomto p\u0159epychov\u00e9m a vz\u00e1cn\u00e9m prost\u0159ed\u00ed v\u0161ak m\u016f\u017eete m\u00edt sv\u00e9 soukrom\u00ed. Dop\u0159ejte si relaxov\u00e1n\u00ed a pohodu v priv\u00e1tn\u00edm wellness. Pot\u011b\u0161en\u00ed smysl\u016f a t\u011bla, dokonal\u00e9 uvoln\u011bn\u00ed, odpo\u010dinek. Chcete n\u011bco podobn\u00e9ho za\u017e\u00edt v kr\u00e1sn\u00e9m a jedine\u010dn\u00e9m prost\u0159ed\u00ed? Sta\u010d\u00ed si zadat rezervaci.   Poznejte nov\u00e9 pam\u00e1tky Na dosah ruky m\u00e1te historick\u00fd z\u00e1mek Lednice. Ten le\u017e\u00ed od hotelu pouh\u00fdch 100m. Nav\u0161tivte tuto v\u00fdjime\u010dnou a historickou pam\u00e1tku. Z\u00e1mek je zaps\u00e1n do kulturn\u00edho d\u011bdictv\u00ed UNESCO.  Pokoje jsou klidn\u00e9 a tich\u00e9. Dop\u0159ejte si nev\u0161edn\u00ed z\u00e1\u017eitek. M\u00e1te r\u00e1di vodu? Plavete? V tom p\u0159\u00edpad\u011b se v\u00e1m bude hodit i venkovn\u00ed baz\u00e9n.  Gastronomie   Pochutn\u00e1vat si m\u016f\u017eete na b\u00e1je\u010dn\u00fdch pokrmech, kter\u00e9 povzbud\u00ed a navnad\u00ed va\u0161e chu\u0165ov\u00e9 poh\u00e1rky. P\u0159\u00edrodn\u00ed produkty, vybran\u00e1 kuchyn\u011b, luxusn\u00ed menu, to v\u0161echno a je toho je\u0161t\u011b daleko v\u00edce. Zakuste pochoutky zdej\u0161\u00ed kuchyn\u011b. Zakousn\u011bte se do \u010derstv\u011b p\u0159ipraven\u00e9ho pokrmu a u\u017eijte si gastronomickou slast.   Kulturn\u00ed ud\u00e1losti   Nechyb\u00ed ani kulturn\u00ed vy\u017eit\u00ed. V cel\u00e9m komplexu se p\u0159es rok prov\u00e1d\u00ed spoustu r\u016fzn\u00fdch akc\u00ed r\u016fzn\u00e9ho charakteru. Plesy, akce, r\u016fzn\u00e9 ud\u00e1losti, za\u017eijte origin\u00e1ln\u00ed z\u00e1\u017eitky pr\u00e1v\u011b u n\u00e1s.  Konference   Galant je ide\u00e1ln\u00ed pro uspo\u0159\u00e1d\u00e1n\u00ed konference, men\u0161\u00ed nebo v\u011bt\u0161\u00ed spole\u010densk\u00e9 ud\u00e1losti. V\u0161em p\u0159\u00edstupn\u00e9 m\u00edstnosti pro mal\u00e9 a st\u0159edn\u00ed konference poskytuj\u00ed dostatek m\u00edsta a pohodl\u00ed v\u0161em z\u00fa\u010dastn\u011bn\u00fdm. Na akci m\u016f\u017ee p\u0159ij\u00edt a\u017e 300 osob. Ide\u00e1ln\u00ed pro konference. M\u00e1me v\u0161ak i men\u0161\u00ed prostory, s kapacitou 200 \u00fa\u010dastn\u00edk\u016f. K dispozici je i je\u0161t\u011b men\u0161\u00ed s\u00e1l s kapacitou 80 nebo 50 osob. Jsme p\u0159ipraveni na jakoukoliv variantu.                                                                                                                                                                                                                                                                                                                                                                                                  "},{"@context":"https:\/\/schema.org\/","@type":"BreadcrumbList","itemListElement":[{"@type":"ListItem","position":1,"name":"Dum A Zahrada","item":"https:\/\/www.esfr.cz\/dum-a-zahrada\/#breadcrumbitem"},{"@type":"ListItem","position":2,"name":"Z\u00e1\u017eitek, kter\u00fd v\u00e1m vezme dech","item":"https:\/\/www.esfr.cz\/dum-a-zahrada\/zazitek-ktery-vam-vezme-dech\/#breadcrumbitem"}]}]