[{"@context":"https:\/\/schema.org\/","@type":"Article","@id":"https:\/\/www.esfr.cz\/dum-a-zahrada\/zamereno-na-osvetleni-v-obyvacim-pokoji\/#Article","mainEntityOfPage":"https:\/\/www.esfr.cz\/dum-a-zahrada\/zamereno-na-osvetleni-v-obyvacim-pokoji\/","headline":"Zam\u011b\u0159eno na osv\u011btlen\u00ed v ob\u00fdvac\u00edm pokoji","name":"Zam\u011b\u0159eno na osv\u011btlen\u00ed v ob\u00fdvac\u00edm pokoji","description":"V\u011bt\u0161ina lid\u00ed se zaj\u00edm\u00e1 pouze o estetickou str\u00e1nku. Bezesporu se jedn\u00e1 o velmi d\u016fle\u017eit\u00fd aspekt, ov\u0161em p\u0159i v\u00fdb\u011bru by v\u00e1s m\u011blo zaj\u00edmat mnohem v\u00edce, ne\u017e jen jeho barva nebo materi\u00e1l. V prvn\u00ed \u0159ad\u011b byste se m\u011bli rozhodnout, jak\u00fd druh sv\u00edcen\u00ed budete v ob\u00fdvac\u00edm pokoji cht\u00edt a hlavn\u011b jakou \u010dinnost v pokoji nej\u010dast\u011bji d\u011bl\u00e1te. \u010ctete knihu, [&hellip;]","datePublished":"2018-12-06","dateModified":"2018-12-06","author":{"@type":"Person","@id":"https:\/\/www.esfr.cz\/author\/#Person","name":"","url":"https:\/\/www.esfr.cz\/author\/","identifier":1,"image":{"@type":"ImageObject","@id":"https:\/\/secure.gravatar.com\/avatar\/2d2e3fdaba6370eba756fb4048c695326686ff29010a0df4d58b27c20544521d?s=96&d=mm&r=g","url":"https:\/\/secure.gravatar.com\/avatar\/2d2e3fdaba6370eba756fb4048c695326686ff29010a0df4d58b27c20544521d?s=96&d=mm&r=g","height":96,"width":96}},"publisher":{"@type":"Organization","name":"esfr.cz","logo":{"@type":"ImageObject","@id":"\/logo.png","url":"\/logo.png","width":600,"height":60}},"image":{"@type":"ImageObject","@id":"https:\/\/www.esfr.cz\/wp-content\/uploads\/img_a331987_w1681_t1544513394.jpg","url":"https:\/\/www.esfr.cz\/wp-content\/uploads\/img_a331987_w1681_t1544513394.jpg","height":0,"width":0},"url":"https:\/\/www.esfr.cz\/dum-a-zahrada\/zamereno-na-osvetleni-v-obyvacim-pokoji\/","wordCount":406,"articleBody":"V\u011bt\u0161ina lid\u00ed se zaj\u00edm\u00e1 pouze o estetickou str\u00e1nku. Bezesporu se jedn\u00e1 o velmi d\u016fle\u017eit\u00fd aspekt, ov\u0161em p\u0159i v\u00fdb\u011bru by v\u00e1s m\u011blo zaj\u00edmat mnohem v\u00edce, ne\u017e jen jeho barva nebo materi\u00e1l. V prvn\u00ed \u0159ad\u011b byste se m\u011bli rozhodnout, jak\u00fd druh sv\u00edcen\u00ed budete v ob\u00fdvac\u00edm pokoji cht\u00edt a hlavn\u011b jakou \u010dinnost v pokoji nej\u010dast\u011bji d\u011bl\u00e1te. \u010ctete knihu, d\u00edv\u00e1te se na televizi, pracujete u po\u010d\u00edta\u010de? Tak\u017ee s prvn\u00ed \u0159ad\u011b zam\u011b\u0159te na schopnost poskytnout po\u017eadovan\u00e9 mno\u017estv\u00ed svitu, kter\u00e9 pro svou \u010dinnost pot\u0159ebujete.  P\u0159em\u00fd\u0161lejte a a\u017e pak kupujte U\u017e d\u00e1vno se nemus\u00edme spol\u00e9hat na jeden lustr nad j\u00eddeln\u00edm stolem. Dnes si m\u016f\u017eete vybrat z \u0161irok\u00e9 nab\u00eddky nejr\u016fzn\u011bj\u0161\u00edch typ\u016f, barev, materi\u00e1l\u016f\u2026Stropn\u00ed centr\u00e1ln\u00ed sv\u00edcen\u00ed m\u016f\u017ee tvo\u0159it z\u00e1klad, k n\u011bmu m\u016f\u017ee jako dopln\u011bk slou\u017eit bodovky a do rohu m\u016f\u017eete d\u00e1t stojac\u00ed lampu pro \u010dten\u00ed. Modern\u011b bude p\u016fsobit i tzv. LED osv\u00edcen\u00ed. Na trhu najdete ale i dal\u0161\u00ed mo\u017enosti, kter\u00e9 maj\u00ed nav\u00edc i p\u0159\u00eddavn\u00e9 funkce, \u0159e\u010d je nap\u0159\u00edklad o nouzov\u00e9m osv\u011btlen\u00ed beghelli, kter\u00e9 v sob\u011b snoub\u00ed bezpe\u010dnost a zaj\u00edmav\u00fd a modern\u00ed design. Nezapom\u00ednejte na atmosf\u00e9ru Pokud jste i vy milovn\u00edk atmosf\u00e9ry, nem\u011bli byste p\u0159ehl\u00e9dnout bodovky s r\u016fznou intenzitou sv\u011btla, kter\u00e9 m\u016f\u017eete nastavit dle n\u00e1lady a \u010dinnosti, kterou v m\u00edstnosti vykon\u00e1v\u00e1te. Tedy bu\u010f takov\u00e9, kter\u00e9 maj\u00ed mo\u017enost stm\u00edv\u00e1n\u00ed, nebo vsa\u010fte na st\u00edn\u00edtka lampi\u010dek. Experimentovat m\u016f\u017eete i s nejr\u016fzn\u011bj\u0161\u00edmi pohybliv\u00fdmi rameny, d\u00edky kter\u00fdm si sv\u00edcen\u00ed m\u016f\u017eete nastavit dle libosti.  Nezapom\u00ednejte na design  Teprve potom, kdy si dob\u0159e rozmysl\u00edte p\u0159edchoz\u00ed krit\u00e9ria, se zam\u011b\u0159te na design. I ten je d\u016fle\u017eit\u00fd, ale p\u0159i v\u00fdb\u011bru pat\u0159\u00ed jeho v\u00e1ha a\u017e na posledn\u00ed m\u00edsto. Rozhodn\u011b nemus\u00ed b\u00fdt ka\u017ed\u00fd model stejn\u00fd, ba naopak m\u016f\u017eete d\u00e1t ka\u017ed\u00e9mu lustru sv\u016fj osobit\u00fd vzhled. Pokud m\u00e1te sp\u00ed\u0161 jednoduch\u00fd interi\u00e9r, m\u016f\u017eete si dovolit v\u00fdrazn\u011bj\u0161\u00ed kousek v podob\u011b zaj\u00edmav\u00e9ho lustru, kter\u00e9 zaujme na prvn\u00ed pohled.                                                                                                                                                                                                                                                                                                                                                                                                "},{"@context":"https:\/\/schema.org\/","@type":"BreadcrumbList","itemListElement":[{"@type":"ListItem","position":1,"name":"Dum A Zahrada","item":"https:\/\/www.esfr.cz\/dum-a-zahrada\/#breadcrumbitem"},{"@type":"ListItem","position":2,"name":"Zam\u011b\u0159eno na osv\u011btlen\u00ed v ob\u00fdvac\u00edm pokoji","item":"https:\/\/www.esfr.cz\/dum-a-zahrada\/zamereno-na-osvetleni-v-obyvacim-pokoji\/#breadcrumbitem"}]}]