[{"@context":"https:\/\/schema.org\/","@type":"Article","@id":"https:\/\/www.esfr.cz\/dum-a-zahrada\/zahrada-jako-misto-kde-clovek-pociti-ze-je-na-svete-rad\/#Article","mainEntityOfPage":"https:\/\/www.esfr.cz\/dum-a-zahrada\/zahrada-jako-misto-kde-clovek-pociti-ze-je-na-svete-rad\/","headline":"Zahrada jako m\u00edsto, kde \u010dlov\u011bk poc\u00edt\u00ed, \u017ee je na sv\u011bt\u011b r\u00e1d","name":"Zahrada jako m\u00edsto, kde \u010dlov\u011bk poc\u00edt\u00ed, \u017ee je na sv\u011bt\u011b r\u00e1d","description":"Ka\u017ed\u00fd by si m\u011bl vytvo\u0159it zahradu podle sv\u00fdch p\u0159edstav. Velikost pozemku nen\u00ed nijak omezuj\u00edc\u00edm faktorem. I v mal\u00e9 zahr\u00e1dce jde vytvo\u0159it dokonal\u00e9 soukrom\u00ed se z\u00e1kout\u00edm, kde si \u010dlov\u011bk m\u016f\u017ee posed\u011bt s rodinou a p\u0159\u00e1teli a z\u00e1hony, kter\u00e9 se budou od jara do podzimu m\u011bnit a napl\u0148ovat lidsk\u00e9 du\u0161e kr\u00e1sou a harmoni\u00ed. Velk\u00e9 zahrady pot\u0159ebuj\u00ed v\u011bt\u0161\u00ed [&hellip;]","datePublished":"2019-12-24","dateModified":"2019-12-24","author":{"@type":"Person","@id":"https:\/\/www.esfr.cz\/author\/#Person","name":"","url":"https:\/\/www.esfr.cz\/author\/","identifier":1,"image":{"@type":"ImageObject","@id":"https:\/\/secure.gravatar.com\/avatar\/2d2e3fdaba6370eba756fb4048c695326686ff29010a0df4d58b27c20544521d?s=96&d=mm&r=g","url":"https:\/\/secure.gravatar.com\/avatar\/2d2e3fdaba6370eba756fb4048c695326686ff29010a0df4d58b27c20544521d?s=96&d=mm&r=g","height":96,"width":96}},"publisher":{"@type":"Organization","name":"esfr.cz","logo":{"@type":"ImageObject","@id":"\/logo.png","url":"\/logo.png","width":600,"height":60}},"image":{"@type":"ImageObject","@id":"https:\/\/www.esfr.cz\/wp-content\/uploads\/img_a367767_w1681_t1580288167.jpg","url":"https:\/\/www.esfr.cz\/wp-content\/uploads\/img_a367767_w1681_t1580288167.jpg","height":0,"width":0},"url":"https:\/\/www.esfr.cz\/dum-a-zahrada\/zahrada-jako-misto-kde-clovek-pociti-ze-je-na-svete-rad\/","wordCount":459,"articleBody":" Ka\u017ed\u00fd by si m\u011bl vytvo\u0159it zahradu podle sv\u00fdch p\u0159edstav. Velikost pozemku nen\u00ed nijak omezuj\u00edc\u00edm faktorem. I v mal\u00e9 zahr\u00e1dce jde vytvo\u0159it dokonal\u00e9 soukrom\u00ed se z\u00e1kout\u00edm, kde si \u010dlov\u011bk m\u016f\u017ee posed\u011bt s rodinou a p\u0159\u00e1teli a z\u00e1hony, kter\u00e9 se budou od jara do podzimu m\u011bnit a napl\u0148ovat lidsk\u00e9 du\u0161e kr\u00e1sou a harmoni\u00ed. Velk\u00e9 zahrady pot\u0159ebuj\u00ed v\u011bt\u0161\u00ed p\u00e9\u010di a v\u00edce zku\u0161enost\u00ed p\u0159i zakl\u00e1d\u00e1n\u00ed, tak aby plnily svou funkci a nestaly se m\u00edstem, kde bude cel\u00e1 rodina tr\u00e1vit z povinnosti sv\u016fj voln\u00fd \u010das prac\u00ed. Na\u0161t\u011bst\u00ed se v\u017edy najde praktick\u00e9 \u0159e\u0161en\u00ed, jak p\u00e9\u010di o zahradu zvl\u00e1dnout a zahradnick\u00e9 pr\u00e1ce jednodu\u0161e sv\u011b\u0159it do p\u00e9\u010de profesion\u00e1l\u016fm. Nejl\u00e9pe to bude fungovat, pokud si sv\u00e9 zahradn\u00edky najdete u\u017e p\u0159i zakl\u00e1d\u00e1n\u00ed zahrady nebo p\u0159i jej\u00ed prvn\u00ed z\u00e1kladn\u00ed \u00faprav\u011b, kdy\u017e zahradu z\u00edsk\u00e1te. Pokud nem\u00e1te dost znalost\u00ed a zku\u0161enost\u00ed s t\u00edm, jak jednotliv\u00e9 \u010d\u00e1sti zahrady vy\u0159e\u0161it, nezn\u00e1te n\u00e1roky rostlin na jejich um\u00edst\u011bn\u00ed a \u00fadr\u017ebu, m\u016f\u017eete se dopustit cel\u00e9 \u0159ady chyb, kter\u00e9 povedou k tomu, \u017ee budete roky experimentovat, investovat do rostlin \u010das, pen\u00edze a pr\u00e1ci a po\u0159\u00e1d to v zahrad\u011b nebude vypadat tak, jak jste si to vysnili. Rostliny si budou p\u0159ek\u00e1\u017eet, br\u00e1nit v\u00e1m ve v\u00fdhledu a pohybu a ob\u010das i zajdou, proto\u017ee nebudou m\u00edt dobr\u00e9 podm\u00ednky k r\u016fstu. Dobr\u00e1 profesion\u00e1ln\u00ed firma v\u00e1m ve\u0161ker\u00e9 zahradnick\u00e9 pr\u00e1ce pro zalo\u017een\u00ed zahrady dok\u00e1\u017ee prov\u00e9st b\u011bhem n\u011bkolika dn\u016f, a to na z\u00e1klad\u011b va\u0161ich n\u00e1vrh\u016f a p\u0159\u00e1n\u00ed a tak\u00e9 pot\u0159eb rostlin. Pokud nechcete sv\u016fj voln\u00fd \u010das tr\u00e1vit neust\u00e1l\u00fdm sek\u00e1n\u00edm tr\u00e1vy, zast\u0159ihov\u00e1n\u00edm \u017eiv\u00fdch plot\u016f a b\u011bh\u00e1n\u00edm s hr\u00e1b\u011bmi a motykou, jednodu\u0161e si domluv\u00edte pravidelnou \u00fadr\u017ebu a zahrada se tak stane t\u00edm m\u00edstem, kter\u00e9 jste si vysnili a kter\u00e9 budou v\u0161ichni n\u00e1v\u0161t\u011bvn\u00edci obdivovat. Pokud m\u00e1te nad\u0161en\u00ed a pot\u0159ebu si ob\u010das prot\u00e1hnout t\u011blo prac\u00ed na \u010derstv\u00e9m vzduchu, ur\u010dit\u011b si najdete n\u011bco, co zvl\u00e1dnete a co v\u00e1s bude bavit a uspokojovat. Nau\u010dit se t\u0159eba starat o z\u00e1hon r\u016f\u017e\u00ed nebo kv\u011btiny v dekora\u010dn\u00edch n\u00e1dob\u00e1ch je pr\u00e1ce, jej\u00ed\u017e v\u00fdsledek v podob\u011b z\u00e1plavy kr\u00e1sn\u00fdch kv\u011bt\u016f zaru\u010den\u011b nadchne ka\u017ed\u00e9ho.                                                                                                                                                                                                                                                                                                                                                                                                "},{"@context":"https:\/\/schema.org\/","@type":"BreadcrumbList","itemListElement":[{"@type":"ListItem","position":1,"name":"Dum A Zahrada","item":"https:\/\/www.esfr.cz\/dum-a-zahrada\/#breadcrumbitem"},{"@type":"ListItem","position":2,"name":"Zahrada jako m\u00edsto, kde \u010dlov\u011bk poc\u00edt\u00ed, \u017ee je na sv\u011bt\u011b r\u00e1d","item":"https:\/\/www.esfr.cz\/dum-a-zahrada\/zahrada-jako-misto-kde-clovek-pociti-ze-je-na-svete-rad\/#breadcrumbitem"}]}]