[{"@context":"https:\/\/schema.org\/","@type":"Article","@id":"https:\/\/www.esfr.cz\/dum-a-zahrada\/vyzkousejte-temnou-terapii\/#Article","mainEntityOfPage":"https:\/\/www.esfr.cz\/dum-a-zahrada\/vyzkousejte-temnou-terapii\/","headline":"Vyzkou\u0161ejte temnou terapii","name":"Vyzkou\u0161ejte temnou terapii","description":"Nem\u00e1te dostatek \u010dasu na p\u0159em\u00fd\u0161len\u00ed? N\u011bkdy nen\u00ed na \u0161kodu, kdy\u017e je \u010dlov\u011bk s\u00e1m jen se sv\u00fdmi my\u0161lenkami, kter\u00e9 si tak m\u016f\u017ee ut\u0159\u00eddit, vy\u0159e\u0161it si v sob\u011b r\u016fzn\u00e1 d\u016fle\u017eit\u00e1 rozhodnut\u00ed a podobn\u011b. Ob\u010das n\u00e1s od takov\u00fdch mo\u017enost\u00ed odloud\u00ed r\u016fzn\u00e9 povinnosti, modern\u00ed technologie atd. Kdyby se tak \u010dlov\u011bk n\u011bkam mohl zav\u0159\u00edt, kde by byl jen s\u00e1m, bez [&hellip;]","datePublished":"2019-02-13","dateModified":"2019-02-13","author":{"@type":"Person","@id":"https:\/\/www.esfr.cz\/author\/#Person","name":"","url":"https:\/\/www.esfr.cz\/author\/","identifier":1,"image":{"@type":"ImageObject","@id":"https:\/\/secure.gravatar.com\/avatar\/2d2e3fdaba6370eba756fb4048c695326686ff29010a0df4d58b27c20544521d?s=96&d=mm&r=g","url":"https:\/\/secure.gravatar.com\/avatar\/2d2e3fdaba6370eba756fb4048c695326686ff29010a0df4d58b27c20544521d?s=96&d=mm&r=g","height":96,"width":96}},"publisher":{"@type":"Organization","name":"esfr.cz","logo":{"@type":"ImageObject","@id":"\/logo.png","url":"\/logo.png","width":600,"height":60}},"image":{"@type":"ImageObject","@id":"https:\/\/www.esfr.cz\/wp-content\/uploads\/img_a338728_w1681_t1551342668.jpg","url":"https:\/\/www.esfr.cz\/wp-content\/uploads\/img_a338728_w1681_t1551342668.jpg","height":0,"width":0},"url":"https:\/\/www.esfr.cz\/dum-a-zahrada\/vyzkousejte-temnou-terapii\/","wordCount":437,"articleBody":"Nem\u00e1te dostatek \u010dasu na p\u0159em\u00fd\u0161len\u00ed? N\u011bkdy nen\u00ed na \u0161kodu, kdy\u017e je \u010dlov\u011bk s\u00e1m jen se sv\u00fdmi my\u0161lenkami, kter\u00e9 si tak m\u016f\u017ee ut\u0159\u00eddit, vy\u0159e\u0161it si v sob\u011b r\u016fzn\u00e1 d\u016fle\u017eit\u00e1 rozhodnut\u00ed a podobn\u011b. Ob\u010das n\u00e1s od takov\u00fdch mo\u017enost\u00ed odloud\u00ed r\u016fzn\u00e9 povinnosti, modern\u00ed technologie atd. Kdyby se tak \u010dlov\u011bk n\u011bkam mohl zav\u0159\u00edt, kde by byl jen s\u00e1m, bez \u010dehokoliv, co by naru\u0161ovalo mo\u017enost ut\u0159\u00edd\u011bn\u00ed jeho my\u0161lenek.  V\u011b\u0159ili byste, \u017ee je to mo\u017en\u00e9 a \u017ee dokonce m\u016f\u017eete absolvovat takov\u00fd speci\u00e1ln\u00ed terapeutick\u00fd pobyt? Zav\u0159ete dve\u0159e za va\u0161\u00edm star\u00fdm j\u00e1 a p\u0159ij\u010fte objevit  https:\/\/www.maminka.cz\/clanek\/poradna-co-je-hemangion-a-muze-se-synovi-opet-objevitva\u0161e nov\u00e9 j\u00e1. Co byste \u0159ekli tomu, kdybyste mohli str\u00e1vit t\u00fdden ve tm\u011b? Pokud je pro v\u00e1s absence sv\u011btla to prav\u00e9 o\u0159echov\u00e9, pak nev\u00e1hejte a absolvujte terapeutick\u00fd pobyt v temnot\u011b, v dosahu \u010dehokoliv, co by v\u00e1s mohlo ru\u0161it v t\u0159\u00edd\u011bn\u00ed va\u0161ich my\u0161lenek, p\u0159em\u00fd\u0161len\u00ed, uva\u017eov\u00e1n\u00ed a dum\u00e1n\u00ed. B\u011bhem toho v\u00e1s \u010dek\u00e1 pestr\u00e1 a vyv\u00e1\u017een\u00e1 strava, a p\u0159edev\u0161\u00edm dostatek klidu a \u010dasu k pot\u0159ebn\u00e9mu p\u0159em\u00fd\u0161len\u00ed. A pokud se v\u00e1m do toho nechce samotn\u00fdm, m\u016f\u017eete takov\u00fd pobyt absolvovat tak\u00e9 v p\u00e1ru, t\u0159eba spole\u010dn\u011b s va\u0161\u00edm prot\u011bj\u0161kem nebo s n\u011bk\u00fdm, kdo je v\u00e1m bl\u00edzk\u00fd a kdo by do toho \u0161el s v\u00e1mi. A cena? P\u0159\u00edsp\u011bvek za pobyt je dobrovoln\u00fd, z\u00e1le\u017e\u00ed tedy jen na v\u00e1s, nebo se m\u016f\u017eete dr\u017eet doporu\u010den\u00e9 ceny. Vyberte si vhodn\u00fd term\u00edn a p\u0159ipravte se na jedine\u010dn\u00fd pobyt v prostor\u00e1ch beze sv\u011btla, kde budete m\u00edt spoustu \u010dasu k tomu, abyste si sjednotili va\u0161e my\u0161lenky a \u00favahy a tak\u00e9 abyste si vy\u0159e\u0161ili r\u016fzn\u00e9 probl\u00e9my. Vyzkou\u0161ejte tuto ojedin\u011blou a osv\u011bd\u010denou terapii, kter\u00e1 t\u0159eba pom\u016f\u017ee i v\u00e1m k tomu, abyste se vydali v \u017eivot\u011b novou cestou s va\u0161\u00edm lep\u0161\u00edm j\u00e1.  P\u0159ed pobytem se dr\u017ete radami obsa\u017een\u00fdmi v pr\u016fvodci tak, abyste byli co nejl\u00e9pe p\u0159ipraveni. Vra\u0165te se do dal\u0161\u00edch v\u0161edn\u00edch dn\u016f po absolvovan\u00e9m pobytu jako znovuzrozen\u00ed a dejte na obdiv va\u0161e nov\u00e9 a spokojen\u011bj\u0161\u00ed j\u00e1. Pobyt ve tm\u011b v\u00e1m ur\u010dit\u011b prosp\u011bje a zlep\u0161\u00ed v\u00e1\u0161 psychick\u00fd stav.                                                                                                                                                                                                                                                                                                                                                                                                "},{"@context":"https:\/\/schema.org\/","@type":"BreadcrumbList","itemListElement":[{"@type":"ListItem","position":1,"name":"Dum A Zahrada","item":"https:\/\/www.esfr.cz\/dum-a-zahrada\/#breadcrumbitem"},{"@type":"ListItem","position":2,"name":"Vyzkou\u0161ejte temnou terapii","item":"https:\/\/www.esfr.cz\/dum-a-zahrada\/vyzkousejte-temnou-terapii\/#breadcrumbitem"}]}]