[{"@context":"https:\/\/schema.org\/","@type":"Article","@id":"https:\/\/www.esfr.cz\/dum-a-zahrada\/ucetnictvi-nikdy-nepodcenujme\/#Article","mainEntityOfPage":"https:\/\/www.esfr.cz\/dum-a-zahrada\/ucetnictvi-nikdy-nepodcenujme\/","headline":"\u00da\u010detnictv\u00ed nikdy nepodce\u0148ujme","name":"\u00da\u010detnictv\u00ed nikdy nepodce\u0148ujme","description":"S pen\u011bzi nejsou v \u017e\u00e1dn\u00e9m p\u0159\u00edpad\u011b \u017eerty. A kdo s nimi nakl\u00e1d\u00e1 lehkomysln\u011b, \u010dasto na takov\u00e9 sv\u00e9 po\u010d\u00edn\u00e1n\u00ed dopl\u00e1c\u00ed. Hlavn\u011b t\u00edm, \u017ee ne\u00fam\u011brn\u011b utr\u00e1c\u00ed a nakonec se po vy\u010derp\u00e1n\u00ed sv\u00fdch zdroj\u016f ocit\u00e1 na mizin\u011b, ale nejen to. V p\u0159\u00edpad\u011b podnikatel\u016f a firem se pen\u00edze mus\u00ed bedliv\u011b sledovat nejen proto, aby nikdy nedo\u0161ly, ale tak\u00e9 proto, [&hellip;]","datePublished":"2024-05-25","dateModified":"2024-05-25","author":{"@type":"Person","@id":"https:\/\/www.esfr.cz\/author\/#Person","name":"","url":"https:\/\/www.esfr.cz\/author\/","identifier":1,"image":{"@type":"ImageObject","@id":"https:\/\/secure.gravatar.com\/avatar\/2d2e3fdaba6370eba756fb4048c695326686ff29010a0df4d58b27c20544521d?s=96&d=mm&r=g","url":"https:\/\/secure.gravatar.com\/avatar\/2d2e3fdaba6370eba756fb4048c695326686ff29010a0df4d58b27c20544521d?s=96&d=mm&r=g","height":96,"width":96}},"publisher":{"@type":"Organization","name":"esfr.cz","logo":{"@type":"ImageObject","@id":"\/logo.png","url":"\/logo.png","width":600,"height":60}},"image":{"@type":"ImageObject","@id":"https:\/\/www.esfr.cz\/wp-content\/uploads\/pp_10_10_9.jpg","url":"https:\/\/www.esfr.cz\/wp-content\/uploads\/pp_10_10_9.jpg","height":0,"width":0},"url":"https:\/\/www.esfr.cz\/dum-a-zahrada\/ucetnictvi-nikdy-nepodcenujme\/","wordCount":418,"articleBody":"        S pen\u011bzi nejsou v \u017e\u00e1dn\u00e9m p\u0159\u00edpad\u011b \u017eerty. A kdo s nimi nakl\u00e1d\u00e1 lehkomysln\u011b, \u010dasto na takov\u00e9 sv\u00e9 po\u010d\u00edn\u00e1n\u00ed dopl\u00e1c\u00ed. Hlavn\u011b t\u00edm, \u017ee ne\u00fam\u011brn\u011b utr\u00e1c\u00ed a nakonec se po vy\u010derp\u00e1n\u00ed sv\u00fdch zdroj\u016f ocit\u00e1 na mizin\u011b, ale nejen to. V p\u0159\u00edpad\u011b podnikatel\u016f a firem se pen\u00edze mus\u00ed bedliv\u011b sledovat nejen proto, aby nikdy nedo\u0161ly, ale tak\u00e9 proto, \u017ee je t\u0159eba platit nejr\u016fzn\u011bj\u0161\u00ed povinn\u00e9 odvody, a ty se mus\u00ed nejprve vypo\u010d\u00edtat se zisk\u016f, kter\u00e9 tedy mus\u00ed b\u00fdt zn\u00e1m\u00e9 do posledn\u00ed koruny.\u00da\u010detnictv\u00ed ale nen\u00ed jenom ban\u00e1ln\u00ed po\u010d\u00edt\u00e1n\u00ed pen\u011bz. Je to tak\u00e9 vypo\u010d\u00edt\u00e1v\u00e1n\u00ed zm\u00edn\u011bn\u00fdch odvod\u016f, je to vypl\u0148ov\u00e1n\u00ed nejr\u016fzn\u011bj\u0161\u00edch lejster, je to pl\u00e1nov\u00e1n\u00ed budouc\u00edch vyd\u00e1n\u00ed atd. A to je docela slo\u017eit\u00fd \u00fakol. Je to natolik slo\u017eit\u00e9, \u017ee u\u017e si s t\u00edm kdekdo neporad\u00ed. Ka\u017ed\u00fd podnikatel sice je nebo by aspo\u0148 m\u011bl b\u00fdt mistrem ve sv\u00e9m oboru, ale ne v\u017edy je tento stejn\u011b kvalifikovan\u00fd i v oblasti \u00fa\u010detnictv\u00ed. A tak by se mohlo leckdy st\u00e1t, \u017ee si soukromn\u00edk nebo firma sice vyd\u011bl\u00e1 dost, ale nakonec na to p\u0159esto doplat\u00ed, proto\u017ee se opomene n\u011bjak\u00e1 povinnost a p\u0159ijde trest.Ale to snad nemaj\u00ed n\u011bkte\u0159\u00ed z na\u0161ich schopn\u00fdch lid\u00ed podnikat jenom proto, \u017ee nedostate\u010dn\u011b rozum\u00ed \u00fa\u010detnictv\u00ed? To maj\u00ed b\u00fdt majitel\u00e9 firem sm\u00ed\u0159en\u00ed s t\u00edm, \u017ee si to odsk\u00e1\u010dou, a\u017e je nav\u0161t\u00edv\u00ed t\u0159eba kontrola z finan\u010dn\u00edho \u00fa\u0159adu nebo budou odhaleny nedostatky v odveden\u00e9m zdravotn\u00edm poji\u0161t\u011bn\u00ed? To ur\u010dit\u011b ne. To by bylo na \u0161kodu.A tak m\u00e1me krom\u011b lid\u00ed schopn\u00fdch podnikat v nejr\u016fzn\u011bj\u0161\u00edch oborech i profesion\u00e1ly v oboru \u00fa\u010detnictv\u00ed. A kdy\u017e je n\u011bkomu zapot\u0159eb\u00ed pomoc, ujmou se veden\u00ed \u00fa\u010detnictv\u00ed Praha 6 skute\u010dn\u00ed profesion\u00e1lov\u00e9, kte\u0159\u00ed se postaraj\u00ed o to, aby v\u0161echna \u010d\u00edsla sed\u011bla, aby se v\u0161e dob\u0159e spo\u010d\u00edtalo a zaplatilo a aby se odeslala v\u010das v\u0161echna nezbytn\u00e1 hl\u00e1\u0161en\u00ed.A to je pomoc, kter\u00e1 p\u0159ich\u00e1z\u00ed mnoha pra\u017esk\u00fdm podnikatel\u016fm n\u00e1ramn\u011b vhod. Proto\u017ee nen\u00ed nad to, kdy\u017e m\u016f\u017ee n\u011bkdo d\u011blat jenom to, co um\u00ed, a to ostatn\u00ed m\u016f\u017ee s klidem v du\u0161i nechat na n\u011bkom jin\u00e9m.                                                                                                                                                                                                                                                                                                                                                                                                  "},{"@context":"https:\/\/schema.org\/","@type":"BreadcrumbList","itemListElement":[{"@type":"ListItem","position":1,"name":"Dum A Zahrada","item":"https:\/\/www.esfr.cz\/dum-a-zahrada\/#breadcrumbitem"},{"@type":"ListItem","position":2,"name":"\u00da\u010detnictv\u00ed nikdy nepodce\u0148ujme","item":"https:\/\/www.esfr.cz\/dum-a-zahrada\/ucetnictvi-nikdy-nepodcenujme\/#breadcrumbitem"}]}]