[{"@context":"https:\/\/schema.org\/","@type":"Article","@id":"https:\/\/www.esfr.cz\/dum-a-zahrada\/ubytovani-v-soukrome-chate-v-adrspachu-muzete-spojit-s-vylety-do-krkonos\/#Article","mainEntityOfPage":"https:\/\/www.esfr.cz\/dum-a-zahrada\/ubytovani-v-soukrome-chate-v-adrspachu-muzete-spojit-s-vylety-do-krkonos\/","headline":"Ubytov\u00e1n\u00ed v soukrom\u00e9 chat\u011b v Adr\u0161pachu m\u016f\u017eete spojit s v\u00fdlety do Krkono\u0161","name":"Ubytov\u00e1n\u00ed v soukrom\u00e9 chat\u011b v Adr\u0161pachu m\u016f\u017eete spojit s v\u00fdlety do Krkono\u0161","description":"Pl\u00e1nov\u00e1n\u00ed dovolen\u00e9 je jedna z nejp\u0159\u00edjemn\u011bj\u0161\u00edch \u010dinnost\u00ed. M\u016f\u017eete ji zam\u011b\u0159it i jako v\u00fdpravu za pozn\u00e1n\u00edm kr\u00e1s na\u0161\u00ed zem\u011b a vypravit se nap\u0159\u00edklad na sever, do oblasti Adr\u0161pachu. Skaln\u00edch m\u011bst je v \u010cesk\u00e9 republice cel\u00e1 \u0159ada, v tomto sm\u011bru jsme dokonce evropskou velmoc\u00ed a mimo\u0159\u00e1dnou kr\u00e1su skaln\u00edch \u00fatvar\u016f obdivuj\u00ed turist\u00e9 z mnoha kout\u016f sv\u011bta. P\u0159ekr\u00e1sn\u00e9 p\u0159\u00edrodn\u00ed [&hellip;]","datePublished":"2019-08-08","dateModified":"2019-08-08","author":{"@type":"Person","@id":"https:\/\/www.esfr.cz\/author\/#Person","name":"","url":"https:\/\/www.esfr.cz\/author\/","identifier":1,"image":{"@type":"ImageObject","@id":"https:\/\/secure.gravatar.com\/avatar\/2d2e3fdaba6370eba756fb4048c695326686ff29010a0df4d58b27c20544521d?s=96&d=mm&r=g","url":"https:\/\/secure.gravatar.com\/avatar\/2d2e3fdaba6370eba756fb4048c695326686ff29010a0df4d58b27c20544521d?s=96&d=mm&r=g","height":96,"width":96}},"publisher":{"@type":"Organization","name":"esfr.cz","logo":{"@type":"ImageObject","@id":"\/logo.png","url":"\/logo.png","width":600,"height":60}},"image":{"@type":"ImageObject","@id":"https:\/\/www.esfr.cz\/wp-content\/uploads\/img_a357359_w1681_t1571912395.jpg","url":"https:\/\/www.esfr.cz\/wp-content\/uploads\/img_a357359_w1681_t1571912395.jpg","height":0,"width":0},"url":"https:\/\/www.esfr.cz\/dum-a-zahrada\/ubytovani-v-soukrome-chate-v-adrspachu-muzete-spojit-s-vylety-do-krkonos\/","wordCount":407,"articleBody":"Pl\u00e1nov\u00e1n\u00ed dovolen\u00e9 je jedna z nejp\u0159\u00edjemn\u011bj\u0161\u00edch \u010dinnost\u00ed. M\u016f\u017eete ji zam\u011b\u0159it i jako v\u00fdpravu za pozn\u00e1n\u00edm kr\u00e1s na\u0161\u00ed zem\u011b a vypravit se nap\u0159\u00edklad na sever, do oblasti Adr\u0161pachu. Skaln\u00edch m\u011bst je v \u010cesk\u00e9 republice cel\u00e1 \u0159ada, v tomto sm\u011bru jsme dokonce evropskou velmoc\u00ed a mimo\u0159\u00e1dnou kr\u00e1su skaln\u00edch \u00fatvar\u016f obdivuj\u00ed turist\u00e9 z mnoha kout\u016f sv\u011bta. P\u0159ekr\u00e1sn\u00e9 p\u0159\u00edrodn\u00ed tvary p\u00edskovcov\u00fdch blok\u016f a zaj\u00edmav\u00e9 v\u00fdhledy do krajiny zkr\u00e1tka l\u00e1kaj\u00ed milovn\u00edky p\u0159\u00edrody odnepam\u011bti. Nejzn\u00e1m\u011bj\u0161\u00ed jsou pravd\u011bpodobn\u011b Adr\u0161pa\u0161sko-teplick\u00e9 sk\u00e1ly, je to z\u00e1rove\u0148 nejrozs\u00e1hlej\u0161\u00ed seskupen\u00ed p\u00edskovcov\u00fdch \u00fatvar\u016f, kter\u00e9 se formovalo ji\u017e v obdob\u00ed druhohor p\u0159ed miliony lety. P\u00edskovec byl tehdy sou\u010d\u00e1st\u00ed oce\u00e1nsk\u00e9ho dna a vodn\u00ed a pozd\u011bji vzdu\u0161n\u00e1 eroze tu vytvo\u0159ily poutavou p\u0159\u00edrodn\u00ed scen\u00e9rii. Krom\u011b Adr\u0161pachu bychom mohli jmenovat dal\u0161\u00ed zaj\u00edmav\u00e9 oblasti s p\u00edskovcov\u00fdmi bloky, jsou to nap\u0159. Broumovsk\u00e9 st\u011bny, Jet\u0159ichovick\u00e9 st\u011bny s Prav\u010dickou branou, Prachovsk\u00e9 sk\u00e1ly, Tisk\u00e9 st\u011bny a men\u0161\u00ed skaln\u00ed \u00fatvary v \u010cesk\u00e9m r\u00e1ji, jako jsou Kloko\u010dsk\u00e9 sk\u00e1ly, Hrub\u00e1 Sk\u00e1la, Dr\u00e1bsk\u00e9 sv\u011btni\u010dky, skaln\u00ed hrad Vale\u010dov a Rot\u0161tejn a mnoh\u00e9 dal\u0161\u00ed.  Krkono\u0161sk\u00fd n\u00e1rodn\u00ed park Pobyt v chat\u011b Adr\u0161pach je jist\u011b velice p\u016fsobiv\u00fd, ale nen\u00ed nutn\u00e9 tr\u00e1vit tam jen v\u00edkend. Do tohoto malebn\u00e9ho kraje se vyplat\u00ed zav\u00edtat alespo\u0148 na t\u00fddenn\u00ed pobyt. Nedaleko odtud se toti\u017e nach\u00e1z\u00ed hranice Krkono\u0161sk\u00e9ho n\u00e1rodn\u00edho parku. Autem lze trasu dlouhou n\u011bkolik des\u00edtek kilometr\u016f zvl\u00e1dnout b\u011bhem necel\u00fdch dvou hodin a zav\u00edtat na m\u00edsta s p\u0159ekr\u00e1sn\u00fdmi v\u00fdhledy za dobr\u00e9ho po\u010das\u00ed ur\u010dit\u011b stoj\u00ed. \u010cern\u00e1 hora \u2013 Jansk\u00e9 L\u00e1zn\u011b \u2013 pokud jste do t\u011bchto kon\u010din dosud nezav\u00edtali, nenechte si uj\u00edt jedno z nejkr\u00e1sn\u011bj\u0161\u00edch l\u00e1ze\u0148sk\u00fdch m\u00edst v \u010cesku. Proch\u00e1zku kolon\u00e1dou m\u016f\u017eete zpest\u0159it j\u00edzdou kabinkovou lanovkou na \u010cernou horu, odkud je velmi p\u016fsobiv\u00fd v\u00fdhled na oblast Podkrkono\u0161\u00ed. Sn\u011b\u017eka na\u0161e nejvy\u0161\u0161\u00ed hora poskytuje dokonal\u00fd panoramatick\u00fd pohled do \u00fadol\u00ed, pouze byste m\u011bli v\u00fdstup podniknout v dob\u011b, kdy nejsou Krkono\u0161e zahaleny do n\u00edzk\u00e9 inverzn\u00ed obla\u010dnosti.                                                                                                                                                                                                                                                                                                                                                                                                 "},{"@context":"https:\/\/schema.org\/","@type":"BreadcrumbList","itemListElement":[{"@type":"ListItem","position":1,"name":"Dum A Zahrada","item":"https:\/\/www.esfr.cz\/dum-a-zahrada\/#breadcrumbitem"},{"@type":"ListItem","position":2,"name":"Ubytov\u00e1n\u00ed v soukrom\u00e9 chat\u011b v Adr\u0161pachu m\u016f\u017eete spojit s v\u00fdlety do Krkono\u0161","item":"https:\/\/www.esfr.cz\/dum-a-zahrada\/ubytovani-v-soukrome-chate-v-adrspachu-muzete-spojit-s-vylety-do-krkonos\/#breadcrumbitem"}]}]