[{"@context":"https:\/\/schema.org\/","@type":"Article","@id":"https:\/\/www.esfr.cz\/dum-a-zahrada\/tonovani-autoskel\/#Article","mainEntityOfPage":"https:\/\/www.esfr.cz\/dum-a-zahrada\/tonovani-autoskel\/","headline":"T\u00f3nov\u00e1n\u00ed autoskel","name":"T\u00f3nov\u00e1n\u00ed autoskel","description":"M\u00e1te-li z\u00e1jem o t\u00f3nov\u00e1n\u00ed autoskel, zav\u00edtejte k n\u00e1m do na\u0161i mont\u00e1\u017en\u00ed linky, \u010di na na\u0161e internetov\u00e9 str\u00e1nky, kde najdete ve\u0161ker\u00e9 detaily, kter\u00e9 by V\u00e1s mohli zaj\u00edmat. Na\u0161e firma pat\u0159\u00ed ke \u0161pi\u010dce ve sv\u00e9m oboru, ve kter\u00e9m se pohybujeme ji\u017e p\u0159es 9 let. Pou\u017e\u00edv\u00e1me pouze vysoce kvalitn\u00ed materi\u00e1ly. Na na\u0161ich z\u00e1kazn\u00edc\u00edch rozhodn\u011b ne\u0161et\u0159\u00edme. Chcete-li si u [&hellip;]","datePublished":"2025-03-03","dateModified":"2025-03-03","author":{"@type":"Person","@id":"https:\/\/www.esfr.cz\/author\/#Person","name":"","url":"https:\/\/www.esfr.cz\/author\/","identifier":1,"image":{"@type":"ImageObject","@id":"https:\/\/secure.gravatar.com\/avatar\/2d2e3fdaba6370eba756fb4048c695326686ff29010a0df4d58b27c20544521d?s=96&d=mm&r=g","url":"https:\/\/secure.gravatar.com\/avatar\/2d2e3fdaba6370eba756fb4048c695326686ff29010a0df4d58b27c20544521d?s=96&d=mm&r=g","height":96,"width":96}},"publisher":{"@type":"Organization","name":"esfr.cz","logo":{"@type":"ImageObject","@id":"\/logo.png","url":"\/logo.png","width":600,"height":60}},"url":"https:\/\/www.esfr.cz\/dum-a-zahrada\/tonovani-autoskel\/","wordCount":164,"articleBody":"M\u00e1te-li z\u00e1jem o t\u00f3nov\u00e1n\u00ed autoskel, zav\u00edtejte k n\u00e1m do na\u0161i mont\u00e1\u017en\u00ed linky, \u010di na na\u0161e internetov\u00e9 str\u00e1nky, kde najdete ve\u0161ker\u00e9 detaily, kter\u00e9 by V\u00e1s mohli zaj\u00edmat. Na\u0161e firma pat\u0159\u00ed ke \u0161pi\u010dce ve sv\u00e9m oboru, ve kter\u00e9m se pohybujeme ji\u017e p\u0159es 9 let. Pou\u017e\u00edv\u00e1me pouze vysoce kvalitn\u00ed materi\u00e1ly. Na na\u0161ich z\u00e1kazn\u00edc\u00edch rozhodn\u011b ne\u0161et\u0159\u00edme.Chcete-li si u n\u00e1s objednat t\u00f3nov\u00e1n\u00ed autoskel, m\u00e1te na v\u00fdb\u011br 3 mo\u017enosti. Bu\u010f V\u00e1m instalujeme protislune\u010dn\u00ed autof\u00f3lii, kter\u00e1 je vyrobena z kvalitn\u00edho polyesteru a je vhodn\u00e1 hlavn\u011b pro pozd\u011bj\u0161\u00ed t\u00f3nov\u00e1n\u00ed autoskel. Dal\u0161\u00ed mo\u017enost je pokoven\u00ed autoskel. V peci se na sklo nan\u00e1\u0161\u00ed tenk\u00e1 vrstva kovu. A jako posledn\u00ed m\u016f\u017eeme pou\u017e\u00edt takzvan\u00e9 probarven\u00e9 sklo.KontaktNa na\u0161ich internetov\u00fdch str\u00e1nk\u00e1ch na n\u00e1s m\u016f\u017eete naj\u00edt kontakt.                                                                                                                                                                                                                                                                                                                                                                                                "},{"@context":"https:\/\/schema.org\/","@type":"BreadcrumbList","itemListElement":[{"@type":"ListItem","position":1,"name":"Dum A Zahrada","item":"https:\/\/www.esfr.cz\/dum-a-zahrada\/#breadcrumbitem"},{"@type":"ListItem","position":2,"name":"T\u00f3nov\u00e1n\u00ed autoskel","item":"https:\/\/www.esfr.cz\/dum-a-zahrada\/tonovani-autoskel\/#breadcrumbitem"}]}]