[{"@context":"https:\/\/schema.org\/","@type":"Article","@id":"https:\/\/www.esfr.cz\/dum-a-zahrada\/tanec-smrti\/#Article","mainEntityOfPage":"https:\/\/www.esfr.cz\/dum-a-zahrada\/tanec-smrti\/","headline":"Tanec smrti","name":"Tanec smrti","description":"Sly\u0161eli u\u017e jste n\u011bkdy o tanci smrti? Ur\u010dit\u011b ano, jen nev\u00edte, co se zrovna pod t\u00edmto n\u00e1zvem skr\u00fdv\u00e1. Dnes se to ale kone\u010dn\u011b dozv\u00edte a to o p\u00e1r \u0159\u00e1dku n\u00ed\u017ee. Existuje jen m\u00e1lo lidsk\u00fdch \u010dinnost\u00ed, kter\u00e9 dok\u00e1\u017e\u00ed lid rozd\u011blit na dva t\u00e1bory. Jednou z takov\u00fdch \u010dinnost\u00ed je nap\u0159\u00edklad \u0161pan\u011blsk\u00e1 korida, kter\u00e9 se \u0159\u00edk\u00e1 tanec smrti. [&hellip;]","datePublished":"2018-06-16","dateModified":"2018-06-16","author":{"@type":"Person","@id":"https:\/\/www.esfr.cz\/author\/#Person","name":"","url":"https:\/\/www.esfr.cz\/author\/","identifier":1,"image":{"@type":"ImageObject","@id":"https:\/\/secure.gravatar.com\/avatar\/2d2e3fdaba6370eba756fb4048c695326686ff29010a0df4d58b27c20544521d?s=96&d=mm&r=g","url":"https:\/\/secure.gravatar.com\/avatar\/2d2e3fdaba6370eba756fb4048c695326686ff29010a0df4d58b27c20544521d?s=96&d=mm&r=g","height":96,"width":96}},"publisher":{"@type":"Organization","name":"esfr.cz","logo":{"@type":"ImageObject","@id":"\/logo.png","url":"\/logo.png","width":600,"height":60}},"image":{"@type":"ImageObject","@id":"https:\/\/www.esfr.cz\/wp-content\/uploads\/img_a320859_w1681_t1532117443.jpg","url":"https:\/\/www.esfr.cz\/wp-content\/uploads\/img_a320859_w1681_t1532117443.jpg","height":0,"width":0},"url":"https:\/\/www.esfr.cz\/dum-a-zahrada\/tanec-smrti\/","wordCount":458,"articleBody":"Sly\u0161eli u\u017e jste n\u011bkdy o tanci smrti? Ur\u010dit\u011b ano, jen nev\u00edte, co se zrovna pod t\u00edmto n\u00e1zvem skr\u00fdv\u00e1. Dnes se to ale kone\u010dn\u011b dozv\u00edte a to o p\u00e1r \u0159\u00e1dku n\u00ed\u017ee. Existuje jen m\u00e1lo lidsk\u00fdch \u010dinnost\u00ed, kter\u00e9 dok\u00e1\u017e\u00ed lid rozd\u011blit na dva t\u00e1bory. Jednou z takov\u00fdch \u010dinnost\u00ed je nap\u0159\u00edklad \u0161pan\u011blsk\u00e1 korida, kter\u00e9 se \u0159\u00edk\u00e1 tanec smrti. Jedna skupina lid\u00ed tvrd\u00ed, \u017ee se jedn\u00e1 o t\u00fdr\u00e1n\u00ed zv\u00ed\u0159at a druh\u00e1 zase, \u017ee se jedn\u00e1 o \u0161pan\u011blskou kulturu. Mo\u017en\u00e1 si i vy te\u010f \u0159\u00edk\u00e1te, kde je vlastn\u011b pravda. Dalo by se \u0159\u00edct, \u017ee rozhodnout se m\u016f\u017eeme podle toho, kde se zrovna b\u00fd\u010d\u00ed z\u00e1pas odehr\u00e1v\u00e1. Korida toti\u017e nen\u00ed pouze sou\u010d\u00e1st\u00ed kultury \u0161pan\u011blsk\u00e9, ale i portugalsk\u00e9. Rozd\u00edl mezi nimi je opravdu zn\u00e1t. V t\u00e9 \u0161pan\u011blsk\u00e9 zabod\u00e1v\u00e1 toreador do b\u00fdka kop\u00ed a to se d\u011bje b\u011bhem cel\u00e9ho z\u00e1pasu. Kon\u010d\u00ed se t\u00edm, \u017ee je b\u00fdk skolen me\u010den. Ve \u0161pan\u011blsk\u00e9 nem\u00e1 b\u00fdk moc velk\u00e9 \u0161ance na p\u0159e\u017eit\u00ed. Vlastn\u011b v\u016fbec \u017e\u00e1dn\u00e9. Ti, kte\u0159\u00ed \u0161pan\u011blskou koridu obhajuj\u00ed tvrd\u00ed, \u017ee samotn\u00fd b\u00fdk m\u00e1 tak skv\u011bl\u00fd \u017eivot, \u017ee mu ten brzk\u00fd konec za to ur\u010dit\u011b stoj\u00ed. Jedn\u00edm z dal\u0161\u00edch argument\u016f je i to, \u017ee ve chv\u00edli smrti je natolik vydr\u00e1\u017ed\u011bn, \u017ee ani nec\u00edt\u00ed bolest. Asi ka\u017ed\u00e9ho by zaj\u00edmalo, kde na tyto argumenty tito lid\u00e9 chod\u00ed. Odp\u016frci \u010dasto odsuzuj\u00ed toreadory za nesportovn\u00ed chov\u00e1n\u00ed v\u016f\u010di b\u00fdkovi. Pokud si toti\u017e toreador klekne v ur\u010ditou chv\u00edli p\u0159ed b\u00fdka, b\u00fdk si mysl\u00ed, \u017ee je v\u00edt\u011bzem a ztrat\u00ed ostra\u017eitost. Toreador toho vyu\u017eije a nad b\u00fdkem zv\u00edt\u011bz\u00ed. \u0160pan\u011blsk\u00e1 korida nav\u00edc pomalu ale jist\u011b miz\u00ed ze sv\u011bta. Nap\u0159\u00edklad v Katal\u00e1nsku u\u017e z\u00e1pasy s b\u00fdky neuvid\u00edte, jeliko\u017e jsou zak\u00e1z\u00e1ny. V n\u011bkter\u00fdch oblastech je z\u00e1kaz velk\u00fd probl\u00e9m, proto\u017ee n\u011bkte\u0159\u00ed berou koridu jako kulturn\u00ed d\u011bdictv\u00ed po p\u0159edc\u00edch. Ve \u0160pan\u011blsku prob\u00edh\u00e1 asi 1800 z\u00e1pas\u016f ro\u010dn\u011b a sv\u011bt p\u0159i nich opust\u00ed kolo desetitis\u00edc b\u00fdk\u016f. Oproti t\u00e9 \u0161pan\u011blsk\u00e9 se portugalsk\u00e1 nezd\u00e1 tak krvela\u010dn\u00e1. Do b\u00fdka se sice b\u011bhem z\u00e1pasu zabod\u00e1vaj\u00ed mal\u00e9 vrhac\u00ed o\u0161t\u011bpy, ale na konci se b\u00fdci nezab\u00edj\u00ed. Po skon\u010den\u00ed z\u00e1pasu je nav\u00edc b\u00fdk o\u0161et\u0159en, a pokud p\u0159e\u017eije, je pou\u017eit op\u011bt znovu. A jak\u00fd m\u00e1te n\u00e1zor na b\u00fd\u010d\u00ed z\u00e1pasy vy?                                                                                                                                                                                                                                                                                                                                                                                                "},{"@context":"https:\/\/schema.org\/","@type":"BreadcrumbList","itemListElement":[{"@type":"ListItem","position":1,"name":"Dum A Zahrada","item":"https:\/\/www.esfr.cz\/dum-a-zahrada\/#breadcrumbitem"},{"@type":"ListItem","position":2,"name":"Tanec smrti","item":"https:\/\/www.esfr.cz\/dum-a-zahrada\/tanec-smrti\/#breadcrumbitem"}]}]