[{"@context":"https:\/\/schema.org\/","@type":"Article","@id":"https:\/\/www.esfr.cz\/dum-a-zahrada\/svetle-hneda-barva-kuze-je-takova-kterou-lide-obdivuji\/#Article","mainEntityOfPage":"https:\/\/www.esfr.cz\/dum-a-zahrada\/svetle-hneda-barva-kuze-je-takova-kterou-lide-obdivuji\/","headline":"Sv\u011btle hn\u011bd\u00e1 barva k\u016f\u017ee je takov\u00e1, kterou lid\u00e9 obdivuj\u00ed","name":"Sv\u011btle hn\u011bd\u00e1 barva k\u016f\u017ee je takov\u00e1, kterou lid\u00e9 obdivuj\u00ed","description":"Tak\u00e9 se v\u00e1m l\u00edb\u00ed jemn\u011b sn\u011bd\u00e1 barva k\u016f\u017ee? Pak m\u00e1te stejn\u00fd vkus jako v\u011bt\u0161ina \u010cech\u016f, a nejen jich. Tato barva zkr\u00e1tka fr\u010d\u00ed, tak\u017ee pokud se chcete za\u0159adit po boku t\u011bch, kte\u0159\u00ed maj\u00ed dobr\u00fd vkus a v\u00ed, co je v m\u00f3d\u011b, tak je jasn\u00e9, \u017ee tento odst\u00edn k\u016f\u017ee nesm\u00ed chyb\u011bt ani v\u00e1m. Ov\u0161em jen m\u00e1lokdo z [&hellip;]","datePublished":"2018-12-10","dateModified":"2018-12-10","author":{"@type":"Person","@id":"https:\/\/www.esfr.cz\/author\/#Person","name":"","url":"https:\/\/www.esfr.cz\/author\/","identifier":1,"image":{"@type":"ImageObject","@id":"https:\/\/secure.gravatar.com\/avatar\/2d2e3fdaba6370eba756fb4048c695326686ff29010a0df4d58b27c20544521d?s=96&d=mm&r=g","url":"https:\/\/secure.gravatar.com\/avatar\/2d2e3fdaba6370eba756fb4048c695326686ff29010a0df4d58b27c20544521d?s=96&d=mm&r=g","height":96,"width":96}},"publisher":{"@type":"Organization","name":"esfr.cz","logo":{"@type":"ImageObject","@id":"\/logo.png","url":"\/logo.png","width":600,"height":60}},"image":{"@type":"ImageObject","@id":"https:\/\/www.esfr.cz\/wp-content\/uploads\/img_a333481_w1681_t1546860881.jpg","url":"https:\/\/www.esfr.cz\/wp-content\/uploads\/img_a333481_w1681_t1546860881.jpg","height":0,"width":0},"url":"https:\/\/www.esfr.cz\/dum-a-zahrada\/svetle-hneda-barva-kuze-je-takova-kterou-lide-obdivuji\/","wordCount":443,"articleBody":"       Tak\u00e9 se v\u00e1m l\u00edb\u00ed jemn\u011b sn\u011bd\u00e1 barva k\u016f\u017ee? Pak m\u00e1te stejn\u00fd vkus jako v\u011bt\u0161ina \u010cech\u016f, a nejen jich. Tato barva zkr\u00e1tka fr\u010d\u00ed, tak\u017ee pokud se chcete za\u0159adit po boku t\u011bch, kte\u0159\u00ed maj\u00ed dobr\u00fd vkus a v\u00ed, co je v m\u00f3d\u011b, tak je jasn\u00e9, \u017ee tento odst\u00edn k\u016f\u017ee nesm\u00ed chyb\u011bt ani v\u00e1m. Ov\u0161em jen m\u00e1lokdo z n\u00e1s m\u00e1 p\u0159\u00edle\u017eitost jezdit jednou anebo je\u0161t\u011b l\u00e9pe alespo\u0148 dvakr\u00e1t ro\u010dn\u011b k mo\u0159i, kde by se mohl vydatn\u011b op\u00e1lit a z\u00edskat tu pravou barvu. Nav\u00edc je mezi n\u00e1mi mnoho lid\u00ed, kte\u0159\u00ed se opaluj\u00ed \u0161patn\u011b a pomalu, jsou citliv\u00ed na p\u0159\u00edli\u0161n\u00e9 slune\u010dn\u00ed z\u00e1\u0159en\u00ed a podobn\u011b, tak\u017ee by jim opalov\u00e1n\u00ed u mo\u0159e ani p\u0159\u00edli\u0161 neprosp\u011blo. Jist\u011b v\u00e1s tedy zaj\u00edmat, jak m\u016f\u017eete ide\u00e1ln\u00ed op\u00e1len\u00ed z\u00edskat i vy, t\u00edm sp\u00ed\u0161e, pokud se \u0159ad\u00edte do n\u011bkter\u00e9 z v\u00fd\u0161e uveden\u00fdch kategori\u00ed? \u0158e\u0161en\u00ed se p\u0159\u00edmo nab\u00edz\u00ed a m\u00e1te jej na dosah ruky: to nejlep\u0161\u00ed, co m\u016f\u017eete ud\u011blat pro svou pravou, ide\u00e1ln\u00ed barvu k\u016f\u017ee, je n\u00e1v\u0161t\u011bva sol\u00e1ria Brno, kter\u00e1 se v\u00e1m jednozna\u010dn\u011b vyplat\u00ed. M\u016f\u017eete si zde vybrat hned z n\u011bkolika kvalitn\u00edch stroj\u016f rozd\u011blen\u00fdch podle intenzity po\u017eadovan\u00e9ho op\u00e1len\u00ed, tak\u017ee zde v\u017edy naleznete p\u0159esn\u011b to prav\u00e9, co hled\u00e1te. Pokud jste zde n\u00e1hodou poprv\u00e9, ale i kdykoli jindy, m\u016f\u017eete v p\u0159\u00edpad\u011b pot\u0159eby po\u017e\u00e1dat o radu person\u00e1l, kter\u00fd se ve sv\u00e9m oboru dob\u0159e vyzn\u00e1, tak\u017ee v\u00e1m v\u017edy m\u016f\u017ee doporu\u010dit a nab\u00eddnout to prav\u00e9, co zrovna hled\u00e1te, a co va\u0161e poko\u017eka pot\u0159ebuje. Mimo horizont\u00e1ln\u00edch stroj\u016f zde m\u016f\u017eete narazit i na jeden vertik\u00e1ln\u00ed a samoz\u0159ejmost\u00ed je i kvalitn\u00ed sol\u00e1rn\u00ed kosmetika, kter\u00e1 v\u00e1m poskytne hydrataci, podpo\u0159\u00ed p\u0159irozen\u00fd vzhled opalov\u00e1n\u00ed a jeho dlouho trvaj\u00edc\u00ed efekt. Budete se zde zkr\u00e1tka c\u00edtit jako v bavlnce. A samoz\u0159ejm\u011b to nejd\u016fle\u017eit\u011bj\u0161\u00ed ze v\u0161eho je, \u017ee tak dos\u00e1hnete p\u0159esn\u011b t\u00e9 nejlep\u0161\u00ed barvy poko\u017eky, jakou si m\u016f\u017eete p\u0159\u00e1t proto, abyste na ostatn\u00ed ud\u011blali ten nejlep\u0161\u00ed mo\u017en\u00fd dojem, a\u0165 u\u017e se chyst\u00e1te na ples, k vod\u011b, anebo chcete doma okouzlovat sv\u00e9ho partnera. Tak u\u017e nev\u00e1hejte ani chv\u00edli a zami\u0159te do modern\u00edho a spolehliv\u00e9ho sol\u00e1ria!                                                                                                                                                                                                                                                                                                                                                                                                  "},{"@context":"https:\/\/schema.org\/","@type":"BreadcrumbList","itemListElement":[{"@type":"ListItem","position":1,"name":"Dum A Zahrada","item":"https:\/\/www.esfr.cz\/dum-a-zahrada\/#breadcrumbitem"},{"@type":"ListItem","position":2,"name":"Sv\u011btle hn\u011bd\u00e1 barva k\u016f\u017ee je takov\u00e1, kterou lid\u00e9 obdivuj\u00ed","item":"https:\/\/www.esfr.cz\/dum-a-zahrada\/svetle-hneda-barva-kuze-je-takova-kterou-lide-obdivuji\/#breadcrumbitem"}]}]