[{"@context":"https:\/\/schema.org\/","@type":"Article","@id":"https:\/\/www.esfr.cz\/dum-a-zahrada\/skoleni-gdpr\/#Article","mainEntityOfPage":"https:\/\/www.esfr.cz\/dum-a-zahrada\/skoleni-gdpr\/","headline":"\u0160kolen\u00ed gdpr","name":"\u0160kolen\u00ed gdpr","description":"Pokud podnik\u00e1te a pou\u017e\u00edv\u00e1te osobn\u00ed \u00fadaje klient\u016f, tak jim mus\u00edte d\u00e1vat podepisovat formul\u00e1\u0159 o ochran\u011b osobn\u00edch \u00fadaj\u016f. Je dobr\u00e9 se sezn\u00e1mit se v\u0161emi z\u00e1le\u017eitosti, kter\u00e9 jsou v tomhle t\u00e9matu d\u016fle\u017eit\u00e9, na kter\u00e9 byste nem\u011bli zapom\u00ednat a ur\u010dit\u011b je mus\u00edte v\u011bd\u011bt. Cel\u00e9 \u0161kolen\u00e9 gdpr je zakon\u010deno testem. Co v\u0161echno se minim\u00e1ln\u011b dozv\u00edte?Definice z\u00e1kladn\u00edch pojm\u016f je velmi [&hellip;]","datePublished":"2019-04-10","dateModified":"2019-04-10","author":{"@type":"Person","@id":"https:\/\/www.esfr.cz\/author\/#Person","name":"","url":"https:\/\/www.esfr.cz\/author\/","identifier":1,"image":{"@type":"ImageObject","@id":"https:\/\/secure.gravatar.com\/avatar\/2d2e3fdaba6370eba756fb4048c695326686ff29010a0df4d58b27c20544521d?s=96&d=mm&r=g","url":"https:\/\/secure.gravatar.com\/avatar\/2d2e3fdaba6370eba756fb4048c695326686ff29010a0df4d58b27c20544521d?s=96&d=mm&r=g","height":96,"width":96}},"publisher":{"@type":"Organization","name":"esfr.cz","logo":{"@type":"ImageObject","@id":"\/logo.png","url":"\/logo.png","width":600,"height":60}},"image":{"@type":"ImageObject","@id":"https:\/\/www.esfr.cz\/wp-content\/uploads\/img_a343013_w1681_t1556104906.jpg","url":"https:\/\/www.esfr.cz\/wp-content\/uploads\/img_a343013_w1681_t1556104906.jpg","height":0,"width":0},"url":"https:\/\/www.esfr.cz\/dum-a-zahrada\/skoleni-gdpr\/","wordCount":404,"articleBody":" Pokud podnik\u00e1te a pou\u017e\u00edv\u00e1te osobn\u00ed \u00fadaje klient\u016f, tak jim mus\u00edte d\u00e1vat podepisovat formul\u00e1\u0159 o ochran\u011b osobn\u00edch \u00fadaj\u016f. Je dobr\u00e9 se sezn\u00e1mit se v\u0161emi z\u00e1le\u017eitosti, kter\u00e9 jsou v tomhle t\u00e9matu d\u016fle\u017eit\u00e9, na kter\u00e9 byste nem\u011bli zapom\u00ednat a ur\u010dit\u011b je mus\u00edte v\u011bd\u011bt. Cel\u00e9 \u0161kolen\u00e9 gdpr je zakon\u010deno testem.Co v\u0161echno se minim\u00e1ln\u011b dozv\u00edte?Definice z\u00e1kladn\u00edch pojm\u016f je velmi d\u016fle\u017eit\u00e1, proto\u017ee bez toho nebudete rozum\u011bt v\u0161em v\u011btn\u00edm celk\u016fm a nejde to bez toho. D\u00e1le se dozv\u00edte z\u00e1kladn\u00ed v\u011bci o pr\u00e1vn\u00edch titulech, o pr\u00e1vech subjekt\u016f, firemn\u00edch dokumentech, poru\u0161en\u00ed zabezpe\u010den\u00ed, p\u0159\u00edstupy k osobn\u00edm \u00fadaj\u016fm, souhlas zam\u011bstnanc\u016f, z\u00e1sady \u010dist\u00e9ho stolu, bezpe\u010dnost a dal\u0161\u00ed opat\u0159en\u00ed. D\u00e1le m\u016f\u017eeme rozsah \u0161kolen\u00ed roz\u0161\u00ed\u0159it o dal\u0161\u00ed z\u00e1le\u017eitosti, jako je nap\u0159\u00edklad sankce, povinnost ml\u010denlivosti, soci\u00e1ln\u00ed s\u00edt\u011b, ve\u0161ker\u00e9 datab\u00e1ze, spole\u010dn\u00ed spr\u00e1vci\u2026 Pro koho to je ur\u010den\u00e9? Je to pro v\u0161echny, kte\u0159\u00ed maj\u00ed v t\u00e9hle oblasti n\u011bco spole\u010dn\u00e9ho s t\u00edmhle z\u00e1konem, kter\u00fd je opravdu velmi d\u016fle\u017eit\u00fd a za jeho poru\u010den\u00ed se m\u016f\u017ee jednat o opravdu velk\u00e9 \u010d\u00e1stky pen\u011bz &#8211; sankce, kter\u00e9 jist\u011b nechcete zaplatit za va\u0161e provin\u011bn\u00ed. Chod\u00ed kontroly, kter\u00e9 se zam\u011b\u0159uj\u00ed vylo\u017een\u011b na GDPR, tak\u017ee ur\u010dit\u011b je dobr\u00e9 m\u00edt v\u0161echno v po\u0159\u00e1dku, to je bez pochyby. Je nutn\u00e9 tohle \u0161kolen\u00ed prov\u00e1d\u011bt ka\u017ed\u00fd tok a to zejm\u00e9na pro va\u0161e zam\u011bstnance, pro v\u0161echny v oblasti managementu, IT odd\u011blen\u00ed, v\u0161echny \u00fa\u010detn\u00ed, obchodn\u00ed z\u00e1stupci a tak\u00e9 prodejci. V\u00fdhody Tohle \u0161kolen\u00ed nen\u00ed povinnost absolvovat, ale ur\u010dit\u011b je to dobr\u00e9 pro v\u00e1s, jako pro podnikatele, abyste m\u011bli zaji\u0161t\u011bno, \u017ee jsou va\u0161i zam\u011bstnanci srozum\u011bni se v\u0161emi podm\u00ednkami, kter\u00e9 jsou nastaven\u00e9 a \u017ee se nestane n\u011bco nep\u0159edv\u00eddateln\u00e9ho a n\u011bco \u0161patn\u00e9ho. Vyberte si term\u00edn, p\u0159ihlaste sv\u00e9 zam\u011bstnance a uvid\u00edte, \u017ee to bude m\u00edt smysl. M\u00e1me zde i mo\u017enost absolvov\u00e1n\u00ed obecn\u00e9ho \u0161kolen\u00ed, kter\u00e9 je krat\u0161\u00ed a v\u00fdsti\u017en\u011bj\u0161\u00ed, prost\u011b tak obecn\u011b informace o GDPR.                                                                                                                                                                                                                                                                                                                                                                                                "},{"@context":"https:\/\/schema.org\/","@type":"BreadcrumbList","itemListElement":[{"@type":"ListItem","position":1,"name":"Dum A Zahrada","item":"https:\/\/www.esfr.cz\/dum-a-zahrada\/#breadcrumbitem"},{"@type":"ListItem","position":2,"name":"\u0160kolen\u00ed gdpr","item":"https:\/\/www.esfr.cz\/dum-a-zahrada\/skoleni-gdpr\/#breadcrumbitem"}]}]