[{"@context":"https:\/\/schema.org\/","@type":"Article","@id":"https:\/\/www.esfr.cz\/dum-a-zahrada\/s-elektrinou-nejsou-zerty\/#Article","mainEntityOfPage":"https:\/\/www.esfr.cz\/dum-a-zahrada\/s-elektrinou-nejsou-zerty\/","headline":"S elekt\u0159inou nejsou \u017eerty","name":"S elekt\u0159inou nejsou \u017eerty","description":"Nezasv\u011bcenec by si mohl myslet, \u017ee na elektroinstalaci a v\u0161em, co s n\u00ed n\u011bjak souvis\u00ed, vlastn\u011b nic moc slo\u017eit\u00e9ho nen\u00ed. Je to p\u0159ece jenom sple\u0165 r\u016fzn\u00fdch kabel\u016f a dr\u00e1t\u016f, tu a tam n\u011bjak\u00e1 ta pojistka nebo jisti\u010d, krabi\u010dka, z\u00e1suvka a vyp\u00edna\u010d, a sta\u010d\u00ed to p\u0159ece pospojovat a je to. Ov\u0161em ona to \u017e\u00e1dn\u00e1 legrace nen\u00ed. [&hellip;]","datePublished":"2019-10-22","dateModified":"2019-10-22","author":{"@type":"Person","@id":"https:\/\/www.esfr.cz\/author\/#Person","name":"","url":"https:\/\/www.esfr.cz\/author\/","identifier":1,"image":{"@type":"ImageObject","@id":"https:\/\/secure.gravatar.com\/avatar\/2d2e3fdaba6370eba756fb4048c695326686ff29010a0df4d58b27c20544521d?s=96&d=mm&r=g","url":"https:\/\/secure.gravatar.com\/avatar\/2d2e3fdaba6370eba756fb4048c695326686ff29010a0df4d58b27c20544521d?s=96&d=mm&r=g","height":96,"width":96}},"publisher":{"@type":"Organization","name":"esfr.cz","logo":{"@type":"ImageObject","@id":"\/logo.png","url":"\/logo.png","width":600,"height":60}},"image":{"@type":"ImageObject","@id":"https:\/\/www.esfr.cz\/wp-content\/uploads\/img_a369970_w1681_t1581849141.jpg","url":"https:\/\/www.esfr.cz\/wp-content\/uploads\/img_a369970_w1681_t1581849141.jpg","height":0,"width":0},"url":"https:\/\/www.esfr.cz\/dum-a-zahrada\/s-elektrinou-nejsou-zerty\/","wordCount":438,"articleBody":"             Nezasv\u011bcenec by si mohl myslet, \u017ee na elektroinstalaci a v\u0161em, co s n\u00ed n\u011bjak souvis\u00ed, vlastn\u011b nic moc slo\u017eit\u00e9ho nen\u00ed. Je to p\u0159ece jenom sple\u0165 r\u016fzn\u00fdch kabel\u016f a dr\u00e1t\u016f, tu a tam n\u011bjak\u00e1 ta pojistka nebo jisti\u010d, krabi\u010dka, z\u00e1suvka a vyp\u00edna\u010d, a sta\u010d\u00ed to p\u0159ece pospojovat a je to.  Ov\u0161em ona to \u017e\u00e1dn\u00e1 legrace nen\u00ed. Elektroinstalace sice m\u016f\u017ee vzd\u00e1len\u011b p\u0159ipom\u00ednat stavebnici, se kterou by si dok\u00e1zal pohr\u00e1t ka\u017ed\u00fd, jen\u017ee to lze jedin\u011b za p\u0159edpokladu, \u017ee do toho n\u00e1sledn\u011b nebude pu\u0161t\u011bn proud. Proto\u017ee jakmile by se takov\u00e9 amat\u00e9rsk\u00e9 d\u00edlo ocitlo pod nap\u011bt\u00edm, byl by mal\u00e9r na spadnut\u00ed.  Co\u017e nejsou jenom plan\u00e9 \u0159e\u010di. \u010cern\u00e9 kroniky jsou pln\u00e9 p\u0159\u00edpad\u016f, kdy n\u011bkdo kv\u016fli vadn\u00e9 elektroinstalaci vyho\u0159el, utrp\u011bl v\u00e1\u017en\u00e1 zran\u011bn\u00ed a t\u011bmto nejednou i podlehnul. A dalo by se tak mluvit vlastn\u011b sp\u00ed\u0161e o \u0161t\u011bst\u00ed, kdyby se takovou amat\u00e9rskou elektroinstalaci v\u016fbec nepoda\u0159ilo zprovoznit. Co\u017e by ale byla hloupost, proto\u017ee se tato buduje pr\u00e1v\u011b a pouze proto, aby fungovala. Ka\u017ed\u00fd, kdo m\u00e1 aspo\u0148 \u0161petku zdrav\u00e9ho rozumu, tak p\u0159enech\u00e1 tento obor rad\u011bji t\u011bm, kdo tomu skute\u010dn\u011b rozum\u00ed. T\u0159eba takov\u00fd elektrik\u00e1\u0159 Kol\u00edn https:\/\/www.elektrokuchar.cz\/ je toti\u017e pr\u00e1v\u011b tou z\u00e1rukou, \u017ee v\u0161e bude v naprost\u00e9m po\u0159\u00e1dku, \u017ee se nebude v\u016fbec \u010deho b\u00e1t. Tato firma, p\u016fsob\u00edc\u00ed ve St\u0159edo\u010desk\u00e9m kraji a zejm\u00e9na v okol\u00ed Kutn\u00e9 Hory a Kol\u00edna ji\u017e t\u0159i des\u00edtky let, je tou nejspr\u00e1vn\u011bj\u0161\u00ed mo\u017enou volbou. Zaji\u0161\u0165uje toti\u017e doslova v\u0161e, co se takov\u00e9 elektroinstalace v domech, bytech a jin\u00fdch objektech, v dom\u00e1cnostech, firm\u00e1ch a instituc\u00edch t\u00fdk\u00e1.  Zdej\u0161\u00ed odborn\u00edci se zab\u00fdvaj\u00ed projektov\u00e1n\u00edm, kone\u010dnou reviz\u00ed a vy\u0159\u00edzen\u00edm p\u0159ihl\u00e1\u0161ky k odb\u011bru elektrick\u00e9 energie a pochopiteln\u011b i v\u0161\u00edm mezi t\u00edm. Je dlouh\u00fd seznam toho, co tito um\u00ed a \u010demu se v z\u00e1jmu sv\u00fdch z\u00e1kazn\u00edk\u016f v\u011bnuj\u00ed. D\u00edky nim m\u00e1 ka\u017ed\u00fd jejich klient jistotu spolehliv\u00fdch a bezpe\u010dn\u00fdch dod\u00e1vek proudu, a navrch komukoliv klidn\u011b i zreviduj\u00ed nejr\u016fzn\u011bj\u0161\u00ed elektrick\u00e9 p\u0159\u00edstroje a za\u0159\u00edzen\u00ed \u010di hromosvody a tak d\u00e1le. A nebylo by moudr\u00e9 jejich slu\u017ebami opovrhovat. Proto\u017ee bezpe\u010d\u00ed je to nejd\u016fle\u017eit\u011bj\u0161\u00ed. A to u elekt\u0159iny \u017e\u00e1dn\u00fd amat\u00e9r nezaru\u010d\u00ed.                                                                                                                                                                                                                                                                                                                                                                                                   "},{"@context":"https:\/\/schema.org\/","@type":"BreadcrumbList","itemListElement":[{"@type":"ListItem","position":1,"name":"Dum A Zahrada","item":"https:\/\/www.esfr.cz\/dum-a-zahrada\/#breadcrumbitem"},{"@type":"ListItem","position":2,"name":"S elekt\u0159inou nejsou \u017eerty","item":"https:\/\/www.esfr.cz\/dum-a-zahrada\/s-elektrinou-nejsou-zerty\/#breadcrumbitem"}]}]