[{"@context":"https:\/\/schema.org\/","@type":"Article","@id":"https:\/\/www.esfr.cz\/dum-a-zahrada\/proutene-vence-pro-jakekoliv-vyuziti\/#Article","mainEntityOfPage":"https:\/\/www.esfr.cz\/dum-a-zahrada\/proutene-vence-pro-jakekoliv-vyuziti\/","headline":"Prout\u011bn\u00e9 v\u011bnce pro jak\u00e9koliv vyu\u017eit\u00ed","name":"Prout\u011bn\u00e9 v\u011bnce pro jak\u00e9koliv vyu\u017eit\u00ed","description":"Ka\u017ed\u00fd by si ob\u010das m\u011bl naj\u00edt chvilku a soust\u0159edit se s\u00e1m na sebe. Jen t\u011b\u017eko toho dos\u00e1hneme, pokud chod\u00edme do pr\u00e1ce, star\u00e1me se o t\u0159i d\u011bti \u0161kolsk\u00e9ho a p\u0159ed\u0161koln\u00edho v\u011bku, a nemocnou maminku. K tomu n\u00e1kupy, d\u016fm se zahradou a po\u0159\u00e1d je co d\u011blat. Ov\u0161em v\u017edy se d\u00e1 naj\u00edt alespo\u0148 kr\u00e1tk\u00e1 voln\u00e1 chvili\u010dka, kdy si [&hellip;]","datePublished":"2019-12-13","dateModified":"2019-12-13","author":{"@type":"Person","@id":"https:\/\/www.esfr.cz\/author\/#Person","name":"","url":"https:\/\/www.esfr.cz\/author\/","identifier":1,"image":{"@type":"ImageObject","@id":"https:\/\/secure.gravatar.com\/avatar\/2d2e3fdaba6370eba756fb4048c695326686ff29010a0df4d58b27c20544521d?s=96&d=mm&r=g","url":"https:\/\/secure.gravatar.com\/avatar\/2d2e3fdaba6370eba756fb4048c695326686ff29010a0df4d58b27c20544521d?s=96&d=mm&r=g","height":96,"width":96}},"publisher":{"@type":"Organization","name":"esfr.cz","logo":{"@type":"ImageObject","@id":"\/logo.png","url":"\/logo.png","width":600,"height":60}},"image":{"@type":"ImageObject","@id":"https:\/\/www.esfr.cz\/wp-content\/uploads\/img_a365569_w1681_t1578384174.jpg","url":"https:\/\/www.esfr.cz\/wp-content\/uploads\/img_a365569_w1681_t1578384174.jpg","height":0,"width":0},"url":"https:\/\/www.esfr.cz\/dum-a-zahrada\/proutene-vence-pro-jakekoliv-vyuziti\/","wordCount":478,"articleBody":"           Ka\u017ed\u00fd by si ob\u010das m\u011bl naj\u00edt chvilku a soust\u0159edit se s\u00e1m na sebe. Jen t\u011b\u017eko toho dos\u00e1hneme, pokud chod\u00edme do pr\u00e1ce, star\u00e1me se o t\u0159i d\u011bti \u0161kolsk\u00e9ho a p\u0159ed\u0161koln\u00edho v\u011bku, a nemocnou maminku. K tomu n\u00e1kupy, d\u016fm se zahradou a po\u0159\u00e1d je co d\u011blat. Ov\u0161em v\u017edy se d\u00e1 naj\u00edt alespo\u0148 kr\u00e1tk\u00e1 voln\u00e1 chvili\u010dka, kdy si m\u016f\u017eeme vyrobit n\u011bco pro sebe, z \u010deho budeme m\u00edt dal\u0161\u00edch n\u011bkolik dn\u00ed \u010di t\u00fddn\u016f radost, kdy\u017e se na to pod\u00edv\u00e1me a proto jsou zde r\u016fzn\u00e9 prvky, kter\u00e9 si m\u016f\u017eeme objednat a vyrobit si z nich kr\u00e1sn\u00fd dekorativn\u00ed prvek do dom\u00e1cnosti, na dve\u0159e nebo p\u0159ed d\u016fm. Velice \u010dasto se k t\u011bmto dekorac\u00edm pou\u017e\u00edvaj\u00ed v\u011bnce. Ty tvo\u0159\u00ed z\u00e1kladn\u00ed stavebn\u00ed prvek nejenom na h\u0159bitovy, zejm\u00e9na je m\u016f\u017eeme v\u00eddat, kdy\u017e jsou du\u0161i\u010dky, ale tak\u00e9 na podzim, ale i na ja\u0159e, nebo v l\u00e9t\u011b, kdy\u017e je rozkvetl\u00e1 louka. Symbolizuj\u00ed tak\u00e9 V\u00e1noce a advent, a d\u00edky \u010dty\u0159em sv\u00ed\u010dk\u00e1m na n\u011bm m\u016f\u017eeme dodr\u017eovat klasick\u00e9 tradice. Neodmyslitelnou sou\u010d\u00e1st\u00ed jsou i na ja\u0159e, nap\u0159\u00edklad o Velikonoc\u00edch.  Zdoben\u00ed a dekorov\u00e1n\u00ed Chcete si to doma tak\u00e9 vyzdobit? V tom p\u0159\u00edpad\u011b je m\u016f\u017eete k dekorov\u00e1n\u00ed vyu\u017e\u00edt https:\/\/www.florservice.cz:443\/vence-proutene\/, prout\u011bn\u00fd v\u011bnec. A jakou pln\u00ed funkci? T\u011bch je hned n\u011bkolik, tak\u017ee si je poj\u010fme zm\u00ednit:   Funkce dekorace \u2013 je kr\u00e1sn\u00fd na pohled. Nav\u00edc si jej m\u016f\u017eete p\u0159izp\u016fsobit podle sv\u00e9ho vlastn\u00edho gusta. Hod\u00ed se v kter\u00e9mkoliv ro\u010dn\u00edm obdob\u00ed. M\u016f\u017eete na n\u011bj pou\u017e\u00edt r\u016fzn\u00e9 druhy drobnost\u00ed. Magick\u00fd v\u00fdznam \u2013 vhodn\u00fd pro r\u016fzn\u00e9 druhy p\u0159\u00edle\u017eitost\u00ed. Kdy\u017e se zamysl\u00edme, m\u016f\u017eeme uv\u011b\u0159it, \u017ee m\u00e1 magick\u00fd v\u00fdznam. Ochrann\u00e1 aura \u2013 n\u011bkdo v\u011b\u0159\u00ed, \u017ee kulat\u00fd tvar m\u00e1 tak\u00e9 ochranou funkci. Nejenom jeden pokoj, ale cel\u00fd byt m\u016f\u017ee b\u00fdt ochr\u00e1n\u011bn p\u0159ed nep\u0159\u00edzniv\u00fdmi vlivy.  Prout\u011bn\u00fd typ m\u016f\u017eete ozdobit opravdu \u010d\u00edmkoliv, proto je vhodn\u00fd i pro celoro\u010dn\u00ed pou\u017eit\u00ed, sta\u010d\u00ed m\u011bnit ozdoby a m\u00e1te dekoraci vhodnou a l\u00edbivou pro cel\u00fd rok, pro v\u0161echny p\u0159\u00edle\u017eitosti. Daj\u00ed se na n\u011bj upevnit um\u011bl\u00e9 \u010di \u017eiv\u00e9 kv\u011btiny, sv\u00ed\u010dky, tak\u00e9 mech, l\u00edstky, \u0161i\u0161ky, ozdoby na V\u00e1noce jako jsou ba\u0148ky, hv\u011bzdi\u010dky, su\u0161en\u00e9 pomeran\u010de, sko\u0159ice nebo plastov\u00e9 mal\u00e9 ozdoby, \u010di na Velikonoce jako jsou mal\u00e1 ku\u0159\u00e1tka nebo malovan\u00e1 vaj\u00ed\u010dka. Vybrat si samoz\u0159ejm\u011b m\u016f\u017eete i velikost vhodnou pro vlastn\u00ed tvorbu.                                                                                                                                                                                                                                                                                                                                                                                                  "},{"@context":"https:\/\/schema.org\/","@type":"BreadcrumbList","itemListElement":[{"@type":"ListItem","position":1,"name":"Dum A Zahrada","item":"https:\/\/www.esfr.cz\/dum-a-zahrada\/#breadcrumbitem"},{"@type":"ListItem","position":2,"name":"Prout\u011bn\u00e9 v\u011bnce pro jak\u00e9koliv vyu\u017eit\u00ed","item":"https:\/\/www.esfr.cz\/dum-a-zahrada\/proutene-vence-pro-jakekoliv-vyuziti\/#breadcrumbitem"}]}]