[{"@context":"https:\/\/schema.org\/","@type":"Article","@id":"https:\/\/www.esfr.cz\/dum-a-zahrada\/proc-vzniklo-modni-modre-vino\/#Article","mainEntityOfPage":"https:\/\/www.esfr.cz\/dum-a-zahrada\/proc-vzniklo-modni-modre-vino\/","headline":"Pro\u010d vzniklo m\u00f3dn\u00ed modr\u00e9 v\u00edno?","name":"Pro\u010d vzniklo m\u00f3dn\u00ed modr\u00e9 v\u00edno?","description":"Na sv\u011bt\u011b existuje mnoho absurdnost\u00ed, a pr\u00e1v\u011b modr\u00e9 v\u00edno je toho p\u0159\u00edkladem. Co to vlastn\u011b je a pro\u010d tento n\u00e1pad vznikl? V\u0161echno to tkv\u00ed v tom, \u017ee se n\u011bkdo cht\u011bl st\u00e1t zaj\u00edmav\u011bj\u0161\u00edm, respektive se zviditelnit. U modr\u00e9ho v\u00edna to byla tak, \u017ee jedna nejmenovan\u00e1 univerzita ve \u0160pan\u011blsku dostala za \u00fakol vytvo\u0159it n\u011bco jin\u00e9ho, v tomto [&hellip;]","datePublished":"2019-08-15","dateModified":"2019-08-15","author":{"@type":"Person","@id":"https:\/\/www.esfr.cz\/author\/#Person","name":"","url":"https:\/\/www.esfr.cz\/author\/","identifier":1,"image":{"@type":"ImageObject","@id":"https:\/\/secure.gravatar.com\/avatar\/2d2e3fdaba6370eba756fb4048c695326686ff29010a0df4d58b27c20544521d?s=96&d=mm&r=g","url":"https:\/\/secure.gravatar.com\/avatar\/2d2e3fdaba6370eba756fb4048c695326686ff29010a0df4d58b27c20544521d?s=96&d=mm&r=g","height":96,"width":96}},"publisher":{"@type":"Organization","name":"esfr.cz","logo":{"@type":"ImageObject","@id":"\/logo.png","url":"\/logo.png","width":600,"height":60}},"image":{"@type":"ImageObject","@id":"https:\/\/www.esfr.cz\/wp-content\/uploads\/img_a358089_w1681_t1572428113.jpg","url":"https:\/\/www.esfr.cz\/wp-content\/uploads\/img_a358089_w1681_t1572428113.jpg","height":0,"width":0},"url":"https:\/\/www.esfr.cz\/dum-a-zahrada\/proc-vzniklo-modni-modre-vino\/","wordCount":418,"articleBody":"   Na sv\u011bt\u011b existuje mnoho absurdnost\u00ed, a pr\u00e1v\u011b modr\u00e9 v\u00edno je toho p\u0159\u00edkladem. Co to vlastn\u011b je a pro\u010d tento n\u00e1pad vznikl? V\u0161echno to tkv\u00ed v tom, \u017ee se n\u011bkdo cht\u011bl st\u00e1t zaj\u00edmav\u011bj\u0161\u00edm, respektive se zviditelnit. U modr\u00e9ho v\u00edna to byla tak, \u017ee jedna nejmenovan\u00e1 univerzita ve \u0160pan\u011blsku dostala za \u00fakol vytvo\u0159it n\u011bco jin\u00e9ho, v tomto p\u0159\u00edpad\u011b alkoholick\u00fd n\u00e1poj s modrou barvou. Vznikl tedy z\u00e1zrak z hrozn\u016f, kter\u00fd m\u00e1 zcela jinou barvu, ne\u017e na kterou jsou lid\u00e9 zvykl\u00ed. Pr\u00e1v\u011b proto se z tohoto vyn\u00e1lezu stal trend, kter\u00fd je v\u0161ak \u00fasp\u011b\u0161n\u00fd zejm\u00e9na d\u00edky soci\u00e1ln\u00edm s\u00edt\u00edm. Nemus\u00edte v\u0161ak zoufat, \u017ee byste ochutn\u00e1n\u00edm tohoto n\u00e1poje nic nez\u00edskali. Naopak, m\u016f\u017ee to b\u00fdt zaj\u00edmav\u00fd z\u00e1\u017eitek, kter\u00fd budete t\u0159eba i r\u00e1di opakovat.  Kde tento exkluzivn\u00ed n\u00e1poj z\u00edskat? Proto\u017ee jde o v\u00fdplod bl\u00e1zniv\u00fdch n\u00e1pad\u016f, nem\u016f\u017eete o\u010dek\u00e1vat, \u017ee byste na\u0161li tento specifick\u00fd alkoholick\u00fd n\u00e1poj naprosto v\u0161ude. Naopak, mo\u017en\u00e1 jej najdete jenom na t\u011bch nejm\u00e9n\u011b frekventovan\u00fdch m\u00edstech nebo ve specializovan\u00fdch prodejn\u00e1ch, kte\u0159\u00ed se zab\u00fdvaj\u00ed n\u00e1kupem i t\u011bchto m\u00e9n\u011b zn\u00e1m\u00fdch n\u00e1poj\u016f. Abyste si v\u0161ak nemysleli, \u017ee nen\u00ed o co st\u00e1t, pak v\u011bzte, \u017ee tento n\u00e1poj se stane nezapomenuteln\u00fd. Nejenom d\u00edky barv\u011b, kter\u00e1 je opravdu na n\u00e1poje tohoto typu v\u00fdjime\u010dn\u00e1, ale tak\u00e9 proto, \u017ee chu\u0165 bude velmi vyv\u00e1\u017een\u00e1 a ur\u010dit\u011b se v\u00e1m tref\u00ed do vkusu. Probl\u00e9m tedy nast\u00e1v\u00e1 s t\u00edm, kde tento speci\u00e1ln\u00ed typ alkoholick\u00e9ho n\u00e1poje z\u00edskat. Zakoupit m\u016f\u017ee b\u00fdt v n\u011bkter\u00fdch p\u0159\u00edpadech probl\u00e9m, a proto bude lep\u0161\u00ed pro tyto pot\u0159eby zvolit vskutku specializovan\u00fd obchod.  Ochutnejte n\u011bco, co vypad\u00e1 \u00fa\u017easn\u011b nejenom na fotk\u00e1ch M\u00e1te-li z\u00e1jem o n\u011bco nov\u00e9ho, a klasick\u00e1 v\u00edna v\u00e1s ji\u017e nebav\u00ed, pak tohle je \u0161ance, jak ud\u011blat sv\u016fj \u017eivot bohat\u0161\u00ed. Zp\u016fsob to je p\u0159itom velmi elegantn\u00ed, proto\u017ee tento barevn\u00fd n\u00e1poj ve va\u0161em okol\u00ed vyzkou\u0161el jenom velmi m\u00e1lokdo, pokud v\u016fbec n\u011bkdo. Proto nev\u00e1hejte obohatit sv\u016fj \u017eivot o tento zaj\u00edmav\u00fd n\u00e1poj, kter\u00fd ur\u010dit\u011b vydr\u017e\u00ed ve va\u0161\u00ed pam\u011bti velmi dlouho.                                                                                                                                                                                                                                                                                                                                                                                                  "},{"@context":"https:\/\/schema.org\/","@type":"BreadcrumbList","itemListElement":[{"@type":"ListItem","position":1,"name":"Dum A Zahrada","item":"https:\/\/www.esfr.cz\/dum-a-zahrada\/#breadcrumbitem"},{"@type":"ListItem","position":2,"name":"Pro\u010d vzniklo m\u00f3dn\u00ed modr\u00e9 v\u00edno?","item":"https:\/\/www.esfr.cz\/dum-a-zahrada\/proc-vzniklo-modni-modre-vino\/#breadcrumbitem"}]}]