[{"@context":"https:\/\/schema.org\/","@type":"Article","@id":"https:\/\/www.esfr.cz\/dum-a-zahrada\/pro-krasu-i-pro-citlive-oci\/#Article","mainEntityOfPage":"https:\/\/www.esfr.cz\/dum-a-zahrada\/pro-krasu-i-pro-citlive-oci\/","headline":"Pro kr\u00e1su i pro citliv\u00e9 o\u010di","name":"Pro kr\u00e1su i pro citliv\u00e9 o\u010di","description":"Snad ka\u017ed\u00e1 \u017eena se pravideln\u011b nebo alespo\u0148 jednou za \u010das r\u00e1da nal\u00ed\u010d\u00ed, a\u0165 u\u017e pro n\u011bjakou p\u0159\u00edle\u017eitost nebo jen tak, \u017ee chce vypadat hezky. Probl\u00e9m ov\u0161em m\u016f\u017ee nastat u citliv\u011bj\u0161\u00edch osob, kdy pak dekorativn\u00ed kosmetika m\u016f\u017ee zp\u016fsobovat nejr\u016fzn\u011bj\u0161\u00ed podr\u00e1\u017ed\u011bn\u00ed a alergick\u00e9 reakce. V takov\u00e9m p\u0159\u00edpad\u011b je t\u0159eba m\u00edt se na pozoru a dekorativn\u00ed kosmetiku vyb\u00edrat [&hellip;]","datePublished":"2019-08-17","dateModified":"2019-08-17","author":{"@type":"Person","@id":"https:\/\/www.esfr.cz\/author\/#Person","name":"","url":"https:\/\/www.esfr.cz\/author\/","identifier":1,"image":{"@type":"ImageObject","@id":"https:\/\/secure.gravatar.com\/avatar\/2d2e3fdaba6370eba756fb4048c695326686ff29010a0df4d58b27c20544521d?s=96&d=mm&r=g","url":"https:\/\/secure.gravatar.com\/avatar\/2d2e3fdaba6370eba756fb4048c695326686ff29010a0df4d58b27c20544521d?s=96&d=mm&r=g","height":96,"width":96}},"publisher":{"@type":"Organization","name":"esfr.cz","logo":{"@type":"ImageObject","@id":"\/logo.png","url":"\/logo.png","width":600,"height":60}},"image":{"@type":"ImageObject","@id":"https:\/\/www.esfr.cz\/wp-content\/uploads\/img_a358068_w1681_t1572425800.jpg","url":"https:\/\/www.esfr.cz\/wp-content\/uploads\/img_a358068_w1681_t1572425800.jpg","height":0,"width":0},"url":"https:\/\/www.esfr.cz\/dum-a-zahrada\/pro-krasu-i-pro-citlive-oci\/","wordCount":398,"articleBody":"    Snad ka\u017ed\u00e1 \u017eena se pravideln\u011b nebo alespo\u0148 jednou za \u010das r\u00e1da nal\u00ed\u010d\u00ed, a\u0165 u\u017e pro n\u011bjakou p\u0159\u00edle\u017eitost nebo jen tak, \u017ee chce vypadat hezky. Probl\u00e9m ov\u0161em m\u016f\u017ee nastat u citliv\u011bj\u0161\u00edch osob, kdy pak dekorativn\u00ed kosmetika m\u016f\u017ee zp\u016fsobovat nejr\u016fzn\u011bj\u0161\u00ed podr\u00e1\u017ed\u011bn\u00ed a alergick\u00e9 reakce. V takov\u00e9m p\u0159\u00edpad\u011b je t\u0159eba m\u00edt se na pozoru a dekorativn\u00ed kosmetiku vyb\u00edrat obez\u0159etn\u011b. Pokud je to tedy i v\u00e1\u0161 p\u0159\u00edpad, pak nev\u00e1hejte zainvestovat do kvalitn\u00ed a ov\u011b\u0159en\u00e9 p\u0159\u00edrodn\u00ed kosmetiky. Jsou va\u0161e o\u010di citliv\u011bj\u0161\u00ed, a proto se rad\u011bji p\u0159\u00edli\u0161 nel\u00ed\u010d\u00edte, aby nedo\u0161lo k nep\u0159\u00edjemn\u00e9mu podr\u00e1\u017ed\u011bn\u00ed nebo alergick\u00e9 reakci? Nebo se l\u00ed\u010den\u00ed vyh\u00fdb\u00e1te \u00fapln\u011b? I majitelky citliv\u011bj\u0161\u00edch o\u010d\u00ed si mohou dop\u0159\u00e1t kvalitn\u00ed dekorativn\u00ed kosmetiku, kter\u00e1 jim neubl\u00ed\u017e\u00ed a nezp\u016fsob\u00ed ne\u017e\u00e1douc\u00ed a nep\u0159\u00edjemnou alergickou reakci. Mus\u00ed b\u00fdt jen vhodn\u011b zvolen\u00e1 a ur\u010den\u00e1 pr\u00e1v\u011b pro tyto probl\u00e9my.  Bu\u010fte kr\u00e1sn\u00e1 i pokud v\u00e1s tr\u00e1p\u00ed citliv\u011bj\u0161\u00ed o\u010di a investujte do kvalitn\u00ed p\u0159\u00edrodn\u00ed \u0159asenky Pulo, kter\u00e1 v\u00e1s zkr\u00e1\u0161l\u00ed a ochr\u00e1n\u00ed va\u0161e o\u010di p\u0159ed nep\u0159\u00edjemnou alergickou reakc\u00ed. Tento produkt se stal v\u00edt\u011bzem Natural Beauty Awards, je tedy t\u00edm nejlep\u0161\u00edm, co m\u016f\u017eete p\u0159i zkr\u00e1\u0161lov\u00e1n\u00ed va\u0161im citliv\u00fdm o\u010d\u00edm poskytnout. Nav\u00edc tak\u00e9 krom\u011b p\u0159\u00edrodn\u00edho slo\u017een\u00ed ocen\u00edte to, \u017ee nebyla testov\u00e1na na zv\u00ed\u0159atech. Co tato \u0159asenka s p\u0159\u00edrodn\u00edm slo\u017een\u00edm um\u00ed Va\u0161e \u0159asy kr\u00e1sn\u011b prodlou\u017e\u00ed, nahust\u00ed, dod\u00e1 jim pot\u0159ebn\u00fd objem a tak\u00e9 pot\u0159ebnou v\u00fd\u017eivu a hydrataci. Ne\u017emolkovat\u00ed ani v\u00e1m neud\u011bl\u00e1 nevzhledn\u00e9 \u0161mouhy. Zv\u00fdrazn\u011bte va\u0161e o\u010di a zkr\u00e1\u0161lete se pomoc\u00ed t\u00e9to p\u0159\u00edrodn\u00ed dekorativn\u00ed kosmetiky. Vsa\u010fte na p\u0159\u00edrodn\u00ed produkty, kter\u00e9 va\u0161im o\u010d\u00edm nezp\u016fsob\u00ed podr\u00e1\u017ed\u011bn\u00ed a alergickou reakci. Bez obav se tak budete moci nal\u00ed\u010dit a\u0165 u\u017e na n\u011bjakou akci, pro zvl\u00e1\u0161tn\u00ed p\u0159\u00edle\u017eitost nebo jen tak pro radost. Bu\u010fte kr\u00e1sn\u00e1 d\u00edky kvalitn\u00ed p\u0159\u00edrodn\u00ed kosmetice, kter\u00e1 v\u00e1s zkr\u00e1\u0161l\u00ed a nezanech\u00e1 na va\u0161\u00ed kr\u00e1se \u017e\u00e1dn\u00e9 stopy po podr\u00e1\u017ed\u011bn\u00ed a alergick\u00e9 reakci.                                                                                                                                                                                                                                                                                                                                                                                                 "},{"@context":"https:\/\/schema.org\/","@type":"BreadcrumbList","itemListElement":[{"@type":"ListItem","position":1,"name":"Dum A Zahrada","item":"https:\/\/www.esfr.cz\/dum-a-zahrada\/#breadcrumbitem"},{"@type":"ListItem","position":2,"name":"Pro kr\u00e1su i pro citliv\u00e9 o\u010di","item":"https:\/\/www.esfr.cz\/dum-a-zahrada\/pro-krasu-i-pro-citlive-oci\/#breadcrumbitem"}]}]