[{"@context":"https:\/\/schema.org\/","@type":"Article","@id":"https:\/\/www.esfr.cz\/dum-a-zahrada\/pohodlna-jizda-s-bicyklem-v-nosici-kol-na-taznem-zarizeni\/#Article","mainEntityOfPage":"https:\/\/www.esfr.cz\/dum-a-zahrada\/pohodlna-jizda-s-bicyklem-v-nosici-kol-na-taznem-zarizeni\/","headline":"Pohodln\u00e1 j\u00edzda s bicyklem v nosi\u010di kol na ta\u017en\u00e9m za\u0159\u00edzen\u00ed","name":"Pohodln\u00e1 j\u00edzda s bicyklem v nosi\u010di kol na ta\u017en\u00e9m za\u0159\u00edzen\u00ed","description":"M\u00e1te r\u00e1di j\u00edzdu na kole? Pak jist\u011b neradi sv\u00e9ho dvoukol\u00e9ho mil\u00e1\u010dka nech\u00e1v\u00e1te doma, kdy\u017e n\u011bkam cestujete. Jen\u017ee cestov\u00e1n\u00ed s bicyklem nemus\u00ed b\u00fdt tak snadn\u00e9. M\u016f\u017eete sice cestovat na n\u011bm, ale pouze na omezen\u00e9 vzd\u00e1lenosti. M\u016f\u017eete ho p\u0159ev\u00e9zt vlakem, nicm\u00e9n\u011b s\u00ed\u0165 stanic nen\u00ed tak hust\u00e1, jak by \u010dlov\u011bk v\u017edycky pot\u0159eboval. A samoz\u0159ejm\u011b m\u016f\u017eete bicykl p\u0159ev\u00e9zt tak\u00e9 [&hellip;]","datePublished":"2019-07-04","dateModified":"2019-07-04","author":{"@type":"Person","@id":"https:\/\/www.esfr.cz\/author\/#Person","name":"","url":"https:\/\/www.esfr.cz\/author\/","identifier":1,"image":{"@type":"ImageObject","@id":"https:\/\/secure.gravatar.com\/avatar\/2d2e3fdaba6370eba756fb4048c695326686ff29010a0df4d58b27c20544521d?s=96&d=mm&r=g","url":"https:\/\/secure.gravatar.com\/avatar\/2d2e3fdaba6370eba756fb4048c695326686ff29010a0df4d58b27c20544521d?s=96&d=mm&r=g","height":96,"width":96}},"publisher":{"@type":"Organization","name":"esfr.cz","logo":{"@type":"ImageObject","@id":"\/logo.png","url":"\/logo.png","width":600,"height":60}},"image":{"@type":"ImageObject","@id":"https:\/\/www.esfr.cz\/wp-content\/uploads\/img_a355040_w1681_t1569493074.jpg","url":"https:\/\/www.esfr.cz\/wp-content\/uploads\/img_a355040_w1681_t1569493074.jpg","height":0,"width":0},"url":"https:\/\/www.esfr.cz\/dum-a-zahrada\/pohodlna-jizda-s-bicyklem-v-nosici-kol-na-taznem-zarizeni\/","wordCount":430,"articleBody":"            M\u00e1te r\u00e1di j\u00edzdu na kole? Pak jist\u011b neradi sv\u00e9ho dvoukol\u00e9ho mil\u00e1\u010dka nech\u00e1v\u00e1te doma, kdy\u017e n\u011bkam cestujete. Jen\u017ee cestov\u00e1n\u00ed s bicyklem nemus\u00ed b\u00fdt tak snadn\u00e9. M\u016f\u017eete sice cestovat na n\u011bm, ale pouze na omezen\u00e9 vzd\u00e1lenosti. M\u016f\u017eete ho p\u0159ev\u00e9zt vlakem, nicm\u00e9n\u011b s\u00ed\u0165 stanic nen\u00ed tak hust\u00e1, jak by \u010dlov\u011bk v\u017edycky pot\u0159eboval. A samoz\u0159ejm\u011b m\u016f\u017eete bicykl p\u0159ev\u00e9zt tak\u00e9 automobilem. P\u0159evoz bicyklu automobilem m\u00e1 sv\u00e1 \u00faskal\u00ed \u2013 pokud zrovna nevlastn\u00edte dod\u00e1vku, tak nacpat kolo dovnit\u0159 auta nen\u00ed jednoduch\u00e1 v\u011bc. Nav\u00edc uvnit\u0159 zab\u00edr\u00e1 mnoho m\u00edsta, manipulace s n\u00edm je n\u00e1ro\u010dn\u00e1, a takov\u00fd n\u00e1klad v\u00e1s omezuje v mno\u017estv\u00ed pot\u0159ebn\u00fdch zavazadel na v\u011bt\u0161\u00ed vzd\u00e1lenosti. Chcete-li cestovat i na dlouh\u00e9 vzd\u00e1lenosti a p\u0159itom vz\u00edt sv\u016fj bicykl s sebou, tak v\u00e1m nezb\u00fdv\u00e1, ne\u017e si po\u0159\u00eddit nosi\u010d kol. Ten na automobil snadno p\u0159ipevn\u00edte a cestov\u00e1n\u00ed s jedn\u00edm i v\u00edce bicykly v\u00e1m u\u017e nebude d\u011blat ani ten nejmen\u0161\u00ed probl\u00e9m! Ot\u00e1zkou z\u016fst\u00e1v\u00e1 jen to, jak\u00fd konkr\u00e9tn\u00ed typ nosi\u010de na kola na auto zvol\u00edte. M\u00e1te na v\u00fdb\u011br dv\u011b mo\u017enosti, kter\u00e9 se li\u0161\u00ed podle um\u00edst\u011bn\u00ed bicyklu na automobil \u2013 kolo m\u016f\u017eete upevnit bu\u010f na st\u0159echu anebo za zadn\u00ed kufr automobilu, konkr\u00e9tn\u011b na ta\u017en\u00e9 za\u0159\u00edzen\u00ed. Ob\u011b dv\u011b mo\u017enosti maj\u00ed sv\u00e1 pro i proti. Nicm\u00e9n\u011b nosi\u010d kol na ta\u017en\u00e9 za\u0159\u00edzen\u00ed http:\/\/www.amsa.cz\/Nosice-jizdnich-kol je p\u0159ece jen o n\u011bco v\u00fdhodn\u011bj\u0161\u00ed volbou. D\u00edky um\u00edst\u011bn\u00ed bicykl\u016f v zadn\u00ed \u010d\u00e1sti vozidla v p\u0159im\u011b\u0159en\u00e9 v\u00fd\u0161ce nad zem\u00ed je m\u00e1te st\u00e1le po ruce. M\u016f\u017eete zastavovat n\u011bkolikr\u00e1t za den a kola budete m\u00edt v\u017edy pohodln\u011b k dispozici. Nebudete je sund\u00e1vat ani upev\u0148ovat do velk\u00e9 v\u00fd\u0161ky, a tak bude manipulace s bicykly nen\u00e1ro\u010dn\u00e1 i pro star\u0161\u00ed anebo slab\u0161\u00ed osoby, kter\u00e9 trp\u00ed n\u011bjak\u00fdmi zdravotn\u00edmi probl\u00e9my. Za druh\u00e9 je takov\u00e9 um\u00edst\u011bn\u00ed bezpe\u010dn\u00e9 \u2013 nestane se v\u00e1m, \u017ee byste se museli strachovat o to, zda nep\u0159ehl\u00e9dnete sn\u00ed\u017eenou v\u00fd\u0161ku podjezdu, kde s bicyklem na st\u0159e\u0161e neprojedete. Va\u0161e j\u00edzda s bicykly upevn\u011bn\u00fdmi na nosi\u010di kol na ta\u017en\u00e9m za\u0159\u00edzen\u00ed bude bez omezen\u00ed, a bez zbyte\u010dn\u00fdch starost\u00ed.                                                                                                                                                                                                                                                                                                                                                                                                  "},{"@context":"https:\/\/schema.org\/","@type":"BreadcrumbList","itemListElement":[{"@type":"ListItem","position":1,"name":"Dum A Zahrada","item":"https:\/\/www.esfr.cz\/dum-a-zahrada\/#breadcrumbitem"},{"@type":"ListItem","position":2,"name":"Pohodln\u00e1 j\u00edzda s bicyklem v nosi\u010di kol na ta\u017en\u00e9m za\u0159\u00edzen\u00ed","item":"https:\/\/www.esfr.cz\/dum-a-zahrada\/pohodlna-jizda-s-bicyklem-v-nosici-kol-na-taznem-zarizeni\/#breadcrumbitem"}]}]