[{"@context":"https:\/\/schema.org\/","@type":"Article","@id":"https:\/\/www.esfr.cz\/dum-a-zahrada\/originalni-a-prakticky-doplnek-kazde-zeny\/#Article","mainEntityOfPage":"https:\/\/www.esfr.cz\/dum-a-zahrada\/originalni-a-prakticky-doplnek-kazde-zeny\/","headline":"Origin\u00e1ln\u00ed a praktick\u00fd dopln\u011bk ka\u017ed\u00e9 \u017eeny","name":"Origin\u00e1ln\u00ed a praktick\u00fd dopln\u011bk ka\u017ed\u00e9 \u017eeny","description":"html PUBLIC &#8222;-\/\/W3C\/\/DTD HTML 4.0 Transitional\/\/EN&#8220; &#8222;http:\/\/www.w3.org\/TR\/REC-html40\/loose.dtd&#8220;&gt; Kter\u00e1 \u017eena by necht\u011bla b\u00fdt p\u016fvabn\u00e1 s praktickou kabelkou, dokonale slad\u011bnou s jej\u00edm oble\u010den\u00edm i celkov\u00fdm jej\u00edm vzhledem? V\u00edte, \u017ee spr\u00e1vn\u011b zvolen\u00fd dopln\u011bk by m\u011bl lichotit va\u0161\u00ed postav\u011b a m\u011bly byste si jej tedy pe\u010dliv\u011b vyb\u00edrat i podletvaru? Plno\u0161t\u00edhl\u00e9 \u017eeny by m\u011bly d\u00e1vat p\u0159ednost sp\u00ed\u0161e men\u0161\u00ed velikosti, zat\u00edmco [&hellip;]","datePublished":"2019-06-27","dateModified":"2019-06-27","author":{"@type":"Person","@id":"https:\/\/www.esfr.cz\/author\/#Person","name":"","url":"https:\/\/www.esfr.cz\/author\/","identifier":1,"image":{"@type":"ImageObject","@id":"https:\/\/secure.gravatar.com\/avatar\/2d2e3fdaba6370eba756fb4048c695326686ff29010a0df4d58b27c20544521d?s=96&d=mm&r=g","url":"https:\/\/secure.gravatar.com\/avatar\/2d2e3fdaba6370eba756fb4048c695326686ff29010a0df4d58b27c20544521d?s=96&d=mm&r=g","height":96,"width":96}},"publisher":{"@type":"Organization","name":"esfr.cz","logo":{"@type":"ImageObject","@id":"\/logo.png","url":"\/logo.png","width":600,"height":60}},"image":{"@type":"ImageObject","@id":"https:\/\/www.esfr.cz\/wp-content\/uploads\/img_a350223_w1681_t1565036944.jpg","url":"https:\/\/www.esfr.cz\/wp-content\/uploads\/img_a350223_w1681_t1565036944.jpg","height":0,"width":0},"url":"https:\/\/www.esfr.cz\/dum-a-zahrada\/originalni-a-prakticky-doplnek-kazde-zeny\/","wordCount":432,"articleBody":"html PUBLIC  &#8222;-\/\/W3C\/\/DTD HTML 4.0 Transitional\/\/EN&#8220; &#8222;http:\/\/www.w3.org\/TR\/REC-html40\/loose.dtd&#8220;&gt;     Kter\u00e1 \u017eena by necht\u011bla b\u00fdt p\u016fvabn\u00e1 s praktickou kabelkou, dokonale slad\u011bnou s jej\u00edm oble\u010den\u00edm i celkov\u00fdm jej\u00edm vzhledem? V\u00edte, \u017ee spr\u00e1vn\u011b zvolen\u00fd dopln\u011bk by m\u011bl lichotit va\u0161\u00ed postav\u011b a m\u011bly byste si jej tedy pe\u010dliv\u011b vyb\u00edrat i podletvaru? Plno\u0161t\u00edhl\u00e9 \u017eeny by m\u011bly d\u00e1vat p\u0159ednost sp\u00ed\u0161e men\u0161\u00ed velikosti, zat\u00edmco \u0161t\u00edhl\u00e9 a vysok\u00e9 postavy budou nejl\u00e9pe vypadat v kabelk\u00e1ch \u010dtvercov\u00fdch nebo ov\u00e1ln\u00fdch. Nen\u00ed probl\u00e9m si vybrat z velk\u00e9ho mno\u017estv\u00ed t\u011bchto luxusn\u00edch dopl\u0148k\u016f. Zvl\u00e1\u0161t\u011b elegantn\u00ed kabelka p\u0159es ramenouspokoj\u00ed ve\u0161ker\u00e9 va\u0161e pot\u0159eby na prakti\u010dnost a z\u00e1rove\u0148 je z\u00e1rukou jedine\u010dnosti a skute\u010dn\u00e9kvality.Na drobnosti nezapom\u00ednejte Zvol\u00edte-li si kabelku p\u0159es rameno, ud\u011bl\u00e1te to nejlep\u0161\u00ed rozhodnut\u00ed. Budete s n\u00ed toti\u017e v\u017edy vkusn\u011b vypadat a m\u016f\u017eete j\u00ed nosit \u00fapln\u011b v\u0161ude, ov\u0161em nesm\u00edte zapom\u00ednat na ur\u010dit\u00e1 pravidla, a to nejen co se t\u00fd\u010de jej\u00ed velikosti. Popruh na ka\u017ed\u00e9 kabelce lze v\u017edy upravit do libovoln\u00e9 d\u00e9lky a pr\u00e1v\u011b tuhle drobnost je dobr\u00e9 nepodce\u0148ovat, chceme-li dob\u0159e vypadat. Sta\u010d\u00ed se kriticky zhl\u00e9dnout v zrcadle, abychom vid\u011bly, \u017ee p\u0159\u00edli\u0161 dlouh\u00fd popruh nebude to prav\u00e9 a \u017ee nejide\u00e1ln\u011bj\u0161\u00ed d\u00e9lka bude ur\u010dit\u011b n\u011bkde u pasu. Popul\u00e1rn\u00ed crossbody se \u010dasto nos\u00ed p\u0159ehozen\u00e9 p\u0159es hlavu na druh\u00e9 rameno. Kabelka tak dob\u0159e dr\u017e\u00ed a p\u0159ipad\u00e1me si bezpe\u010dn\u011bji, ale tento styl nebude vhodn\u00fd t\u0159eba do divadla. Co na n\u00e1s prozrad\u00ed No\u0161en\u00ed kabelky p\u0159es rameno je nejjednodu\u0161\u0161\u00ed styl, kter\u00fdm se tento dopln\u011bk st\u00e1v\u00e1 dokonalou sou\u010d\u00e1st\u00ed od\u011bvu. Je to pohodln\u00e9, proto\u017ee m\u00e1te st\u00e1le voln\u00e9 ruce, a to ocen\u00edte t\u00e9m\u011b\u0159 v\u0161ude. Jak p\u0159i n\u00e1kupech, tak p\u0159i cestov\u00e1n\u00ed i p\u0159i spole\u010densk\u00fdch p\u0159\u00edle\u017eitostech. P\u0159itom st\u00e1le vypad\u00e1te elegantn\u011b a p\u0159irozen\u011b. I k no\u0161en\u00ed kabelky je v\u0161ak t\u0159eba zauj\u00edmat spr\u00e1vn\u00fd p\u0159\u00edstup. Uv\u011bdomte si, \u017ee v\u00e1\u0161 zvyk, jak\u00fdm ji nos\u00edte, m\u016f\u017ee prozradit kus va\u0161\u00ed osobnosti a n\u011bkter\u00e9 vlastnosti. A naopak \u010dasto i my samotn\u00e9 poci\u0165ujeme ur\u010dit\u00fd nesoulad, kdy\u017e zvol\u00edme nevhodn\u00fd zp\u016fsob, jak\u00fdm se s n\u00ed prezentujeme.                                                                                                                                                                                                                                                                                                                                                                                                "},{"@context":"https:\/\/schema.org\/","@type":"BreadcrumbList","itemListElement":[{"@type":"ListItem","position":1,"name":"Dum A Zahrada","item":"https:\/\/www.esfr.cz\/dum-a-zahrada\/#breadcrumbitem"},{"@type":"ListItem","position":2,"name":"Origin\u00e1ln\u00ed a praktick\u00fd dopln\u011bk ka\u017ed\u00e9 \u017eeny","item":"https:\/\/www.esfr.cz\/dum-a-zahrada\/originalni-a-prakticky-doplnek-kazde-zeny\/#breadcrumbitem"}]}]