[{"@context":"https:\/\/schema.org\/","@type":"Article","@id":"https:\/\/www.esfr.cz\/dum-a-zahrada\/nizkoenergeticky-a-pasivni-dum-s-vlastni-garazi\/#Article","mainEntityOfPage":"https:\/\/www.esfr.cz\/dum-a-zahrada\/nizkoenergeticky-a-pasivni-dum-s-vlastni-garazi\/","headline":"N\u00edzkoenergetick\u00fd a pasivn\u00ed d\u016fm s vlastn\u00ed gar\u00e1\u017e\u00ed","name":"N\u00edzkoenergetick\u00fd a pasivn\u00ed d\u016fm s vlastn\u00ed gar\u00e1\u017e\u00ed","description":"Vzhledem k tomu, \u017ee tento domek je jednozna\u010dn\u011b velmi \u00faspornou a ekologickou stavbou, tak je t\u0159eba se zam\u011b\u0159it i na samotnou gar\u00e1\u017e. P\u0159i stavb\u011b rodinn\u00e9ho domu toti\u017e p\u0159edev\u0161\u00edm jde o to, aby byla tato m\u00edstnost sou\u010d\u00e1st\u00ed domu, to zaji\u0161\u0165uje perfektn\u00ed pohodl\u00ed pro vyu\u017eit\u00ed gar\u00e1\u017ee a komfortn\u00edho pou\u017eit\u00ed. P\u0159edev\u0161\u00edm se st\u00e1vaj\u00ed tyto prostory jakousi spojnic\u00ed mezi [&hellip;]","datePublished":"2019-08-14","dateModified":"2019-08-14","author":{"@type":"Person","@id":"https:\/\/www.esfr.cz\/author\/#Person","name":"","url":"https:\/\/www.esfr.cz\/author\/","identifier":1,"image":{"@type":"ImageObject","@id":"https:\/\/secure.gravatar.com\/avatar\/2d2e3fdaba6370eba756fb4048c695326686ff29010a0df4d58b27c20544521d?s=96&d=mm&r=g","url":"https:\/\/secure.gravatar.com\/avatar\/2d2e3fdaba6370eba756fb4048c695326686ff29010a0df4d58b27c20544521d?s=96&d=mm&r=g","height":96,"width":96}},"publisher":{"@type":"Organization","name":"esfr.cz","logo":{"@type":"ImageObject","@id":"\/logo.png","url":"\/logo.png","width":600,"height":60}},"image":{"@type":"ImageObject","@id":"https:\/\/www.esfr.cz\/wp-content\/uploads\/img_a358462_w1681_t1572855204.jpg","url":"https:\/\/www.esfr.cz\/wp-content\/uploads\/img_a358462_w1681_t1572855204.jpg","height":0,"width":0},"url":"https:\/\/www.esfr.cz\/dum-a-zahrada\/nizkoenergeticky-a-pasivni-dum-s-vlastni-garazi\/","wordCount":421,"articleBody":"   Vzhledem k tomu, \u017ee tento domek je jednozna\u010dn\u011b velmi \u00faspornou a ekologickou stavbou, tak je t\u0159eba se zam\u011b\u0159it i na samotnou gar\u00e1\u017e. P\u0159i stavb\u011b rodinn\u00e9ho domu toti\u017e p\u0159edev\u0161\u00edm jde o to, aby byla tato m\u00edstnost sou\u010d\u00e1st\u00ed domu, to zaji\u0161\u0165uje perfektn\u00ed pohodl\u00ed pro vyu\u017eit\u00ed gar\u00e1\u017ee a komfortn\u00edho pou\u017eit\u00ed. P\u0159edev\u0161\u00edm se st\u00e1vaj\u00ed tyto prostory jakousi spojnic\u00ed mezi vnit\u0159n\u00edmi a venkovn\u00edmi prostory. V tomto p\u0159\u00edpad\u011b ale bude velmi d\u016fle\u017eit\u00fd faktor \u00faspora energie, kter\u00fd bude hr\u00e1t velkou roli p\u0159i samotn\u00e9m v\u00fdb\u011bru gar\u00e1\u017eov\u00fdch vrat. \u0160patn\u011b tepeln\u011b izolovan\u00e1 gar\u00e1\u017e, kter\u00e1 bude p\u0159\u00edmo navazovat na d\u016fm, bude p\u0159edstavovat neskute\u010dn\u011b velk\u00fd \u00fanik tepla, co\u017e z logick\u00e9ho pohledu nen\u00ed v\u016fbec v\u00fdhodn\u00e9.   Jak\u00e1 ov\u0161em po\u0159\u00eddit vrata?  N\u00e1roky pro v\u00fdpl\u0148 stavebn\u00edho otvoru pro takovou gar\u00e1\u017e v pasivn\u00edm dom\u011b, budou spl\u0148ovat jen a pouze sek\u010dn\u00ed vrata. V prvn\u00ed \u0159ad\u011b odpov\u00eddaj\u00ed zv\u00fd\u0161en\u00fdm po\u017eadavk\u016fm na tepelnou izolaci a t\u00edm p\u0159irozen\u011b zamezuj\u00ed \u00faniku tepla ven. Je pravdou, \u017ee velkou roli v tomto p\u0159\u00edpad\u011b budou hr\u00e1t i v\u00fdpln\u011b, r\u00e1m a t\u011bsn\u011bn\u00ed. V podstat\u011b velmi d\u016fle\u017eit\u00e1 bude i instalace a volba samotn\u00e9 barvy. Mnohdy je lep\u0161\u00ed se nejprve poradit s odborn\u00edky jak\u00e1 zvolit sek\u010dn\u00ed gar\u00e1\u017eov\u00e1 vrata, cen\u00edk v tomto p\u0159\u00edpadu nen\u00ed prioritn\u00ed. V\u0161e se d\u00e1 pozm\u011bnit, jeliko\u017e se vrata vyr\u00e1b\u00ed v podstat\u011b na m\u00edru.  Sek\u010dn\u00ed gar\u00e1\u017eov\u00e1 vrata  Vzhledem k tomu, \u017ee tento typ vrat je p\u0159edev\u0161\u00edm ur\u010den\u00fd pro vyt\u00e1p\u011bn\u00e9 gar\u00e1\u017ee nebo pro navazuj\u00edc\u00ed p\u0159\u00edmo na d\u016fm, tak rozhodn\u011b majitel\u00e9 budou spokojeni. Nav\u00edc vynikaj\u00ed vysoce funk\u010dn\u00ed a spolehlivou konstrukc\u00ed, kter\u00e1 je p\u0159ipravena na denn\u00ed pou\u017e\u00edv\u00e1n\u00ed. Speci\u00e1ln\u00ed elektronick\u00e9 za\u0159\u00edzen\u00ed je p\u0159ipraveno zakro\u010dit ihned v p\u0159\u00edpad\u011b, \u017ee by nastala n\u011bjak\u00e1 kolize. Tyto sek\u010dn\u00ed gar\u00e1\u017eov\u00e1 vrata maj\u00ed v\u00edce p\u0159enosnost\u00ed, ne\u017e se jen m\u016f\u017ee na prvn\u00ed pohled zd\u00e1t. Jejich skute\u010dn\u011b vrcholov\u00fdm trumfem je to, \u017ee nemaj\u00ed sv\u00e1ry ani jin\u00e9 koroduj\u00edc\u00ed materi\u00e1ly. V\u0161echno k sob\u011b tak dokonale a jedine\u010dn\u011b pasuje, \u017ee vydr\u017e\u00ed dlouh\u00e9 l\u00e9ta bez zjevn\u00e9ho vjemu opot\u0159eben\u00ed. Proto investice do pohonu a ovl\u00e1d\u00e1n\u00ed na d\u00e1lku je vcelku v\u00fdborn\u00fdm dal\u0161\u00edm tahem.                                                                                                                                                                                                                                                                                                                                                                                                   "},{"@context":"https:\/\/schema.org\/","@type":"BreadcrumbList","itemListElement":[{"@type":"ListItem","position":1,"name":"Dum A Zahrada","item":"https:\/\/www.esfr.cz\/dum-a-zahrada\/#breadcrumbitem"},{"@type":"ListItem","position":2,"name":"N\u00edzkoenergetick\u00fd a pasivn\u00ed d\u016fm s vlastn\u00ed gar\u00e1\u017e\u00ed","item":"https:\/\/www.esfr.cz\/dum-a-zahrada\/nizkoenergeticky-a-pasivni-dum-s-vlastni-garazi\/#breadcrumbitem"}]}]