[{"@context":"https:\/\/schema.org\/","@type":"Article","@id":"https:\/\/www.esfr.cz\/dum-a-zahrada\/neni-nad-hezky-vzhled-a-prakticke-usporadani\/#Article","mainEntityOfPage":"https:\/\/www.esfr.cz\/dum-a-zahrada\/neni-nad-hezky-vzhled-a-prakticke-usporadani\/","headline":"Nen\u00ed nad hezk\u00fd vzhled a praktick\u00e9 uspo\u0159\u00e1d\u00e1n\u00ed","name":"Nen\u00ed nad hezk\u00fd vzhled a praktick\u00e9 uspo\u0159\u00e1d\u00e1n\u00ed","description":"Ka\u017ed\u00e1 ta\u0161ka mus\u00ed http:\/\/zpravy.e15.cz\/zahranicni\/udalosti\/babis-jednal-v-bruselu-o-kvotach-nesmime-jit-slovenskou-cestou-1341041 spl\u0148ovat hned n\u011bkolik podm\u00ednek, toho jsou si \u017eeny moc dob\u0159e v\u011bdomy, proto n\u00e1m tolikr\u00e1t trv\u00e1 tak dlouho, ne\u017e si opravdu kvalitn\u00ed, jedine\u010dnou a pro n\u00e1s tu nejlep\u0161\u00ed vybereme. Mus\u00ed zaujmout samoz\u0159ejm\u011b hned na prvn\u00ed pohled, nesm\u00edme zapomenout ani na kvalitu, ta se odr\u00e1\u017e\u00ed ji\u017e ve vzhledu. D\u00edky kvalitn\u00edm materi\u00e1l\u016fm n\u00e1m ta\u0161ka [&hellip;]","datePublished":"2019-09-05","dateModified":"2019-09-05","author":{"@type":"Person","@id":"https:\/\/www.esfr.cz\/author\/#Person","name":"","url":"https:\/\/www.esfr.cz\/author\/","identifier":1,"image":{"@type":"ImageObject","@id":"https:\/\/secure.gravatar.com\/avatar\/2d2e3fdaba6370eba756fb4048c695326686ff29010a0df4d58b27c20544521d?s=96&d=mm&r=g","url":"https:\/\/secure.gravatar.com\/avatar\/2d2e3fdaba6370eba756fb4048c695326686ff29010a0df4d58b27c20544521d?s=96&d=mm&r=g","height":96,"width":96}},"publisher":{"@type":"Organization","name":"esfr.cz","logo":{"@type":"ImageObject","@id":"\/logo.png","url":"\/logo.png","width":600,"height":60}},"image":{"@type":"ImageObject","@id":"https:\/\/www.esfr.cz\/wp-content\/uploads\/img_a358764_w1681_t1573036046.png","url":"https:\/\/www.esfr.cz\/wp-content\/uploads\/img_a358764_w1681_t1573036046.png","height":0,"width":0},"url":"https:\/\/www.esfr.cz\/dum-a-zahrada\/neni-nad-hezky-vzhled-a-prakticke-usporadani\/","wordCount":433,"articleBody":"Ka\u017ed\u00e1 ta\u0161ka mus\u00ed  http:\/\/zpravy.e15.cz\/zahranicni\/udalosti\/babis-jednal-v-bruselu-o-kvotach-nesmime-jit-slovenskou-cestou-1341041 spl\u0148ovat hned n\u011bkolik podm\u00ednek, toho jsou si \u017eeny moc dob\u0159e v\u011bdomy, proto n\u00e1m tolikr\u00e1t trv\u00e1 tak dlouho, ne\u017e si opravdu kvalitn\u00ed, jedine\u010dnou a pro n\u00e1s tu nejlep\u0161\u00ed vybereme. Mus\u00ed zaujmout samoz\u0159ejm\u011b hned na prvn\u00ed pohled, nesm\u00edme zapomenout ani na kvalitu, ta se odr\u00e1\u017e\u00ed ji\u017e ve vzhledu. D\u00edky kvalitn\u00edm materi\u00e1l\u016fm n\u00e1m ta\u0161ka vydr\u017e\u00ed opravdu dlouhou dobu st\u00e1le jako nov\u00e1. Estetick\u00fd vzhled mus\u00ed b\u00fdt jedine\u010dn\u00fd a origin\u00e1ln\u00ed, p\u0159esn\u011b takov\u00fd a\u0165 se n\u00e1m l\u00edb\u00ed. Podle toho si \u017eeny vyb\u00edraj\u00ed. Jedine\u010dnost, styl a design hraje z\u0159ejm\u011b hlavn\u00ed roli. N\u00e1sleduje praktick\u00e9 uspo\u0159\u00e1d\u00e1n\u00ed, proto\u017ee ka\u017ed\u00e1 ta\u0161ka mus\u00ed spl\u0148ovat i dal\u0161\u00ed parametry. Mus\u00ed b\u00fdt p\u0159\u00ednosem a mus\u00ed spl\u0148ovat i ty nejn\u00e1ro\u010dn\u011bj\u0161\u00ed po\u017eadavky, proto existuje cel\u00e1 \u0159ada r\u016fzn\u00fdch druh\u016f, barev i tvar\u016f. Je tedy z \u010deho vyb\u00edrat!  R\u016fzn\u00e9 tvary, design, barvy i materi\u00e1ly D\u00edky jedine\u010dn\u00e9 a v\u00fdjime\u010dn\u00e9 nab\u00eddce si ka\u017ed\u00e1 \u017eena m\u016f\u017ee vybrat produkt, kter\u00fd j\u00ed vyhovuje nejv\u00edce. Existuje cel\u00e1 \u0159ada od mal\u00fdch ta\u0161ek a\u017e po ty v\u011bt\u0161\u00ed, p\u0159es rameno, v klasick\u00e9m stylu nebo crossbody. N\u00edzk\u00e9 ceny, ale st\u00e1le stejn\u011b kvalitn\u00ed, origin\u00e1ln\u00ed a p\u0159edev\u0161\u00edm zna\u010dkov\u00e9 zbo\u017e\u00ed Zaj\u00edm\u00e1te se o n\u00edzk\u00e9 ceny? V tom p\u0159\u00edpad\u011b vyu\u017eijte sekci kabelky guess v\u00fdprodej. I za n\u00edzk\u00e9 ceny se d\u00e1 po\u0159\u00eddit kvalitn\u00ed a origin\u00e1ln\u00ed zbo\u017e\u00ed. Vyu\u017eijte akce a slevy a po\u0159i\u010fte si ta\u0161ku za n\u00edzkou cenu, alespo\u0148 si budete moci koupit za jednu cenu hned dv\u011b!   Nejni\u017e\u0161\u00ed ceny jsou rozhodn\u011b p\u0159\u00ednosem, proto\u017ee d\u00edky n\u011bjak\u00e9 t\u00e9 akci \u010di v\u00fdprodeji si m\u016f\u017eeme po\u0159\u00eddit zna\u010dkovou ta\u0161ku za p\u00e1r pen\u00edzk\u016f a b\u00fdt spokojen\u00e9, \u017ee jsme je\u0161t\u011b nav\u00edc u\u0161et\u0159ily. Pot\u011b\u0161\u00ed to na du\u0161i, proto\u017ee si m\u016f\u017eeme po\u0159\u00eddit zna\u010dkov\u00fd a jedine\u010dn\u00fd v\u00fdrobek, ale tak\u00e9 n\u00e1s to pot\u011b\u0161\u00ed z hlediska ceny, proto se r\u016fzn\u00e9 v\u00fdprodeje hodn\u011b vyu\u017e\u00edvaj\u00ed, tak neprop\u00e1sn\u011bte svou \u0161anci! Nos\u00edme je ka\u017ed\u00fd den, hod\u00ed se i na v\u00fdjime\u010dn\u00e9 p\u0159\u00edle\u017eitosti. Maj\u00ed p\u016fvab, smyslnost i \u017eenskost. To v\u0161e jsou jedine\u010dn\u00e9 a mimo\u0159\u00e1dn\u00e9 kabelky Guess. Zna\u010dka zn\u00e1m\u00e1 po cel\u00e9m sv\u011bt\u011b.                                                                                                                                                                                                                                                                                                                                                                                                 "},{"@context":"https:\/\/schema.org\/","@type":"BreadcrumbList","itemListElement":[{"@type":"ListItem","position":1,"name":"Dum A Zahrada","item":"https:\/\/www.esfr.cz\/dum-a-zahrada\/#breadcrumbitem"},{"@type":"ListItem","position":2,"name":"Nen\u00ed nad hezk\u00fd vzhled a praktick\u00e9 uspo\u0159\u00e1d\u00e1n\u00ed","item":"https:\/\/www.esfr.cz\/dum-a-zahrada\/neni-nad-hezky-vzhled-a-prakticke-usporadani\/#breadcrumbitem"}]}]