[{"@context":"https:\/\/schema.org\/","@type":"Article","@id":"https:\/\/www.esfr.cz\/dum-a-zahrada\/muzi-ceske-historie\/#Article","mainEntityOfPage":"https:\/\/www.esfr.cz\/dum-a-zahrada\/muzi-ceske-historie\/","headline":"Mu\u017ei \u010desk\u00e9 historie","name":"Mu\u017ei \u010desk\u00e9 historie","description":"T\u00e9m\u011b\u0159 v ka\u017ed\u00e9m stolet\u00ed na\u0161\u00ed historie se najde v\u00fdznamn\u00e1 postava mu\u017ee, kter\u00e1 zah\u00fdbala \u010desk\u00fdmi d\u011bjinami, a\u0165 to byli politici, v\u011bdci, hudebn\u00edci \u010di spisovatel\u00e9. Na ty nejv\u00fdznamn\u011bj\u0161\u00ed se poj\u010fme spole\u010dn\u011b pod\u00edvat. ST\u00c1TN\u00cdCI:Karel IV. Nejv\u00fdznamn\u011bj\u0161\u00ed panovn\u00edk \u010desk\u00e9 historie. Nezap\u0159el v sob\u011b \u010deskou krev p\u0159emyslovsk\u00e9ho rodu z mat\u010diny strany a dok\u00e1zal \u010desk\u00e9 zem\u011b vzk\u0159\u00edsit z popela. Kdy\u017e se [&hellip;]","datePublished":"2019-02-20","dateModified":"2019-02-20","author":{"@type":"Person","@id":"https:\/\/www.esfr.cz\/author\/#Person","name":"","url":"https:\/\/www.esfr.cz\/author\/","identifier":1,"image":{"@type":"ImageObject","@id":"https:\/\/secure.gravatar.com\/avatar\/2d2e3fdaba6370eba756fb4048c695326686ff29010a0df4d58b27c20544521d?s=96&d=mm&r=g","url":"https:\/\/secure.gravatar.com\/avatar\/2d2e3fdaba6370eba756fb4048c695326686ff29010a0df4d58b27c20544521d?s=96&d=mm&r=g","height":96,"width":96}},"publisher":{"@type":"Organization","name":"esfr.cz","logo":{"@type":"ImageObject","@id":"\/logo.png","url":"\/logo.png","width":600,"height":60}},"image":{"@type":"ImageObject","@id":"https:\/\/www.esfr.cz\/wp-content\/uploads\/img_a337667_w1681_t1550682812.jpg","url":"https:\/\/www.esfr.cz\/wp-content\/uploads\/img_a337667_w1681_t1550682812.jpg","height":0,"width":0},"url":"https:\/\/www.esfr.cz\/dum-a-zahrada\/muzi-ceske-historie\/","wordCount":531,"articleBody":"T\u00e9m\u011b\u0159 v ka\u017ed\u00e9m stolet\u00ed na\u0161\u00ed historie se najde v\u00fdznamn\u00e1 postava mu\u017ee, kter\u00e1 zah\u00fdbala \u010desk\u00fdmi d\u011bjinami, a\u0165 to byli politici, v\u011bdci, hudebn\u00edci \u010di spisovatel\u00e9. Na ty nejv\u00fdznamn\u011bj\u0161\u00ed  se poj\u010fme spole\u010dn\u011b pod\u00edvat.ST\u00c1TN\u00cdCI:Karel IV.  Nejv\u00fdznamn\u011bj\u0161\u00ed panovn\u00edk \u010desk\u00e9 historie. Nezap\u0159el v sob\u011b \u010deskou krev p\u0159emyslovsk\u00e9ho rodu z mat\u010diny strany a dok\u00e1zal \u010desk\u00e9 zem\u011b vzk\u0159\u00edsit z popela. Kdy\u017e se z Francie, kde studoval a \u017eil, vr\u00e1til do \u010cech, na\u0161el jen zb\u00edda\u010denou a rozkradenou zemi. Rozhodl se, \u017ee z Prahy vytvo\u0159\u00ed nejkr\u00e1sn\u011bj\u0161\u00ed evropsk\u00e9 m\u011bsto, proto nechal vystav\u011bt Nov\u00e9 m\u011bsto pra\u017esk\u00e9, nov\u00fd most p\u0159es Vltavu, teprve druhou univerzitu v cel\u00e9 Evrop\u011b, katedr\u00e1lu Sv. V\u00edta, sv\u016fj nov\u00fd hrad Karl\u0161tejn kousek za Prahou, kam ulo\u017eil nov\u011b vytvo\u0159en\u00e9 korunova\u010dn\u00ed klenoty s n\u00e1dhernou Svatov\u00e1clavskou korunou a tak\u00e9 nechal p\u0159estav\u011bt cel\u00fd Pra\u017esk\u00fd hrad, ze kter\u00e9ho byly v t\u00e9 dob\u011b jen ruiny. Tom\u00e1\u0161 Garrigue Masaryk Rod\u00e1k z Hodon\u00ednska, kter\u00fd se stal prvn\u00edm \u010deskoslovensk\u00fdm prezidentem. Tento vzd\u011blan\u00fd mu\u017e, kter\u00fd ji\u017e od sv\u00e9ho ml\u00e1d\u00ed pracoval jako v\u011bdec na univerzit\u011b, se v\u00fdrazn\u00fdm zp\u016fsobem zasadil o vznik samostatn\u00e9ho \u010ceskoslovenska. Zaj\u00edmavost\u00ed v\u0161ak je, \u017ee v dob\u011b I. sv\u011btov\u00e9 v\u00e1lky, kdy odjel do Ameriky vyjedn\u00e1vat ohledn\u011b \u010desk\u00fdch zem\u00ed, m\u011bl ambice pouze na to, aby \u010desk\u00e9 zem\u011b dos\u00e1hly v\u00edce samostatnosti v r\u00e1mci Rakouska-Uherska, s t\u00edm, \u017ee by se \u010ceskoslovensko mohlo odtrhnout \u00fapln\u011b, zpo\u010d\u00e1tku nepo\u010d\u00edtal.NOSITEL\u00c9 NOBELOVY CENY: Ne ka\u017ed\u00e1 zem\u011b m\u00e1 to \u0161t\u011bst\u00ed, \u017ee by m\u011bla ve sv\u00e9 historii osobnosti, kter\u00e9 se mohou py\u0161nit t\u00edmto nejv\u00fdznamn\u011bj\u0161\u00edm sv\u011btov\u00fdm ocen\u011bn\u00edm. My to \u0161t\u011bst\u00ed m\u011bli, a to dokonce dvakr\u00e1t.Jaroslav Heyrovsk\u00fd A\u010dkoli tento v\u011bdec z\u00edskal nejpresti\u017en\u011bj\u0161\u00ed ocen\u011bn\u00ed za svoji v\u011bdeckou \u010dinnost, byl \u010d\u00e1st\u00ed obyvatel v nemilosti za \u00fadajn\u00e9 kolaborantstv\u00ed v dob\u011b II. sv\u011btov\u00e9 v\u00e1lky. D\u00edky p\u0159\u00e1telstv\u00ed s n\u011bmeck\u00fdm v\u011bdcem Johannem B\u00f6hmem, mohl i p\u0159es uzav\u0159en\u00ed vysok\u00fdch \u0161kol nad\u00e1le pracovat na sv\u00e9m v\u00fdzkumu. Kolaborantstv\u00ed mu v\u0161ak nikdy nebylo dok\u00e1z\u00e1no. Nobelovu cenu z\u00edskal za chemii, a to 10. prosince 1959 za objev analytick\u00e9 polarografick\u00e9 metody. Zaj\u00edmavost\u00ed je, \u017ee na Nobelovu cenu byl nominov\u00e1n celkem osmn\u00e1ctkr\u00e1t v oblasti chemie i fyziky.Jaroslav Seifert Tento \u00fasp\u011b\u0161n\u00fd spisovatel se ocen\u011bn\u00ed v podob\u011b Nobelovy ceny do\u010dkal a\u017e na sam\u00e9m sklonku \u017eivota a jeho zdravotn\u00ed stav mu u\u017e nedovolil si cenu osobn\u011b p\u0159ebrat, musela to za n\u011bj ud\u011blat dcera. Zaj\u00edmavost\u00ed je, \u017ee cena mu byla p\u0159ed\u00e1na v roce 1984 a v tehdej\u0161\u00edm tisku o tom byla pouh\u00e1 zm\u00ednka na zadn\u00ed stran\u011b novin, nebo\u0165 byl Seifert br\u00e1n jako nespolupracuj\u00edc\u00ed autor s re\u017eimem. A\u017e pozd\u011bji se komunistick\u00e1 strana pokusila t\u00e9to p\u0159\u00edle\u017eitosti vyu\u017e\u00edt ke sv\u00e9 propagand\u011b.                                                                                                                                                                                                                                                                                                                                                                                                "},{"@context":"https:\/\/schema.org\/","@type":"BreadcrumbList","itemListElement":[{"@type":"ListItem","position":1,"name":"Dum A Zahrada","item":"https:\/\/www.esfr.cz\/dum-a-zahrada\/#breadcrumbitem"},{"@type":"ListItem","position":2,"name":"Mu\u017ei \u010desk\u00e9 historie","item":"https:\/\/www.esfr.cz\/dum-a-zahrada\/muzi-ceske-historie\/#breadcrumbitem"}]}]