[{"@context":"https:\/\/schema.org\/","@type":"Article","@id":"https:\/\/www.esfr.cz\/dum-a-zahrada\/kufry-na-naradi\/#Article","mainEntityOfPage":"https:\/\/www.esfr.cz\/dum-a-zahrada\/kufry-na-naradi\/","headline":"Kufry na n\u00e1\u0159ad\u00ed","name":"Kufry na n\u00e1\u0159ad\u00ed","description":"Nab\u00edz\u00edme pro v\u00e1s, \u010di pro va\u0161i firmu kvalitn\u00ed hlin\u00edkov\u00e9, \u010di plastov\u00e9 kufry na n\u00e1\u0159ad\u00ed v r\u016fzn\u00fdch velikostech a variabilit\u011b proveden\u00ed tak, aby uspokojily ve\u0161ker\u00e9 va\u0161e n\u00e1roky. Nav\u0161tivte n\u00e1s on line a pod\u00edvejte se podrobn\u011b na na\u0161i kompletn\u00ed nab\u00eddku Na\u0161e spole\u010dnost se zab\u00fdv\u00e1 vybaven\u00edm sklad\u016f, d\u00edlen a kancel\u00e1\u0159\u00ed a prod\u00e1v\u00e1me i najdete u n\u00e1s i takov\u00fd [&hellip;]","datePublished":"2025-02-17","dateModified":"2025-02-17","author":{"@type":"Person","@id":"https:\/\/www.esfr.cz\/author\/#Person","name":"","url":"https:\/\/www.esfr.cz\/author\/","identifier":1,"image":{"@type":"ImageObject","@id":"https:\/\/secure.gravatar.com\/avatar\/2d2e3fdaba6370eba756fb4048c695326686ff29010a0df4d58b27c20544521d?s=96&d=mm&r=g","url":"https:\/\/secure.gravatar.com\/avatar\/2d2e3fdaba6370eba756fb4048c695326686ff29010a0df4d58b27c20544521d?s=96&d=mm&r=g","height":96,"width":96}},"publisher":{"@type":"Organization","name":"esfr.cz","logo":{"@type":"ImageObject","@id":"\/logo.png","url":"\/logo.png","width":600,"height":60}},"url":"https:\/\/www.esfr.cz\/dum-a-zahrada\/kufry-na-naradi\/","wordCount":215,"articleBody":"Nab\u00edz\u00edme pro v\u00e1s, \u010di pro va\u0161i firmu kvalitn\u00ed hlin\u00edkov\u00e9, \u010di plastov\u00e9 kufry na n\u00e1\u0159ad\u00ed v r\u016fzn\u00fdch velikostech a variabilit\u011b proveden\u00ed tak, aby uspokojily ve\u0161ker\u00e9 va\u0161e n\u00e1roky. Nav\u0161tivte n\u00e1s on line a pod\u00edvejte se podrobn\u011b na na\u0161i kompletn\u00ed nab\u00eddkuNa\u0161e spole\u010dnost se zab\u00fdv\u00e1 vybaven\u00edm sklad\u016f, d\u00edlen a kancel\u00e1\u0159\u00ed a prod\u00e1v\u00e1me i najdete u n\u00e1s i takov\u00fd sortiment zbo\u017e\u00ed, jak\u00fdm jsou pr\u00e1v\u011bkufryna n\u00e1\u0159ad\u00ed. Pokud pot\u0159ebujete pr\u00e1v\u011b tento druh zbo\u017e\u00ed, jste tam, kde jste pot\u0159ebovali b\u00fdt. Svou objedn\u00e1vku m\u016f\u017eete uskute\u010dnit rovn\u011b\u017e on line, ani\u017e byste kv\u016fli tomu museli slo\u017eit\u011b marnit \u010das obj\u00ed\u017ed\u011bn\u00edm obchod\u016f a sh\u00e1n\u011bn\u00edm toho, co si m\u016f\u017eete vybrat p\u0159\u00edmo t\u0159eba z prostor va\u0161\u00ed kancel\u00e1\u0159eObjednejte si a kupteKufry na n\u00e1\u0159ad\u00ed, kter\u00e9 si u n\u00e1s objedn\u00e1te, v\u00e1m dod\u00e1me do druh\u00e9ho dne p\u0159\u00edmo tam, kam si ur\u010d\u00edte a stejn\u011b jako na ve\u0161ker\u00fd dal\u0161\u00ed sortiment zbo\u017e\u00ed i na n\u011b poskytneme z\u00e1ruku sedmi let. Na v\u00e1s u\u017e je jenom to, jak se v tuto chv\u00edli rozhodnete. Je to snadn\u00e9, \u017ee?                                                                                                                                                                                                                                                                                                                                                                                                "},{"@context":"https:\/\/schema.org\/","@type":"BreadcrumbList","itemListElement":[{"@type":"ListItem","position":1,"name":"Dum A Zahrada","item":"https:\/\/www.esfr.cz\/dum-a-zahrada\/#breadcrumbitem"},{"@type":"ListItem","position":2,"name":"Kufry na n\u00e1\u0159ad\u00ed","item":"https:\/\/www.esfr.cz\/dum-a-zahrada\/kufry-na-naradi\/#breadcrumbitem"}]}]