[{"@context":"https:\/\/schema.org\/","@type":"Article","@id":"https:\/\/www.esfr.cz\/dum-a-zahrada\/kuchyne-je-misto-s-nejvyssimi-naroky\/#Article","mainEntityOfPage":"https:\/\/www.esfr.cz\/dum-a-zahrada\/kuchyne-je-misto-s-nejvyssimi-naroky\/","headline":"Kuchyn\u011b je m\u00edsto s nejvy\u0161\u0161\u00edmi n\u00e1roky","name":"Kuchyn\u011b je m\u00edsto s nejvy\u0161\u0161\u00edmi n\u00e1roky","description":"Kr\u00e1sn\u00fd interi\u00e9r je p\u0159\u00e1n\u00edm nejednoho majitele bytu. Pr\u00e1v\u011b v interi\u00e9ru \u010dlov\u011bk tr\u00e1v\u00ed nem\u00e1lo \u010dasu, a tak by si cht\u011bl za\u0159\u00eddit takov\u00fd domov, kter\u00fd je opravdu kr\u00e1sn\u00fd. Je-li to i va\u0161\u00edm p\u0159\u00e1n\u00edm, mo\u017en\u00e1 ocen\u00edte mo\u017enost nechat si vytvo\u0159it n\u00e1bytek na m\u00edru. Velmi \u017e\u00e1dan\u00e9 jsou nap\u0159\u00edklad kuchy\u0148sk\u00e9 linky na m\u00edru, d\u00edky kter\u00fdm m\u016f\u017eete vyu\u017e\u00edt prostor va\u0161eho bytu [&hellip;]","datePublished":"2019-07-12","dateModified":"2019-07-12","author":{"@type":"Person","@id":"https:\/\/www.esfr.cz\/author\/#Person","name":"","url":"https:\/\/www.esfr.cz\/author\/","identifier":1,"image":{"@type":"ImageObject","@id":"https:\/\/secure.gravatar.com\/avatar\/2d2e3fdaba6370eba756fb4048c695326686ff29010a0df4d58b27c20544521d?s=96&d=mm&r=g","url":"https:\/\/secure.gravatar.com\/avatar\/2d2e3fdaba6370eba756fb4048c695326686ff29010a0df4d58b27c20544521d?s=96&d=mm&r=g","height":96,"width":96}},"publisher":{"@type":"Organization","name":"esfr.cz","logo":{"@type":"ImageObject","@id":"\/logo.png","url":"\/logo.png","width":600,"height":60}},"image":{"@type":"ImageObject","@id":"https:\/\/www.esfr.cz\/wp-content\/uploads\/img_a353601_w1681_t1568100299.jpg","url":"https:\/\/www.esfr.cz\/wp-content\/uploads\/img_a353601_w1681_t1568100299.jpg","height":0,"width":0},"url":"https:\/\/www.esfr.cz\/dum-a-zahrada\/kuchyne-je-misto-s-nejvyssimi-naroky\/","wordCount":413,"articleBody":"   Kr\u00e1sn\u00fd interi\u00e9r je p\u0159\u00e1n\u00edm nejednoho majitele bytu. Pr\u00e1v\u011b v interi\u00e9ru \u010dlov\u011bk tr\u00e1v\u00ed nem\u00e1lo \u010dasu, a tak by si cht\u011bl za\u0159\u00eddit takov\u00fd domov, kter\u00fd je opravdu kr\u00e1sn\u00fd. Je-li to i va\u0161\u00edm p\u0159\u00e1n\u00edm, mo\u017en\u00e1 ocen\u00edte mo\u017enost nechat si vytvo\u0159it n\u00e1bytek na m\u00edru. Velmi \u017e\u00e1dan\u00e9 jsou nap\u0159\u00edklad kuchy\u0148sk\u00e9 linky na m\u00edru, d\u00edky kter\u00fdm m\u016f\u017eete vyu\u017e\u00edt prostor va\u0161eho bytu na maximum. \u017d\u00e1dn\u00e9 omezov\u00e1n\u00ed, to je to, co byste m\u011bli v tomto p\u0159\u00edpad\u011b hledat.   I kusov\u00fd n\u00e1bytek m\u016f\u017ee b\u00fdt praktick\u00fd Lid\u00e9, kte\u0159\u00ed nemus\u00ed tolik hled\u011bt na pen\u00edze, se \u010dasto up\u00ednaj\u00ed jenom k n\u00e1bytku na m\u00edru. Ten je v\u0161ak mnohon\u00e1sobn\u011b dra\u017e\u0161\u00ed ne\u017e kusov\u00fd n\u00e1bytek, kter\u00fd se vyr\u00e1b\u00ed ve velk\u00fdch s\u00e9ri\u00edch. Mnohdy je v\u0161ak nahl\u00ed\u017eeno na takov\u00fd n\u00e1bytek jako na n\u011bco pod\u0159adn\u00e9ho. To v\u0161ak nen\u00ed pravda, pokud je \u0159e\u010d o kvalitn\u00edch v\u00fdrobc\u00edch, jako jsou i kuchy\u0148sk\u00e9 linky od specialist\u016f. Ty jsou vyhotoveny z takov\u00fdch materi\u00e1l\u016f, kter\u00e9 jsou praktick\u00e9 z hlediska jejich vyu\u017eit\u00ed. Pro\u010d byste m\u011bli m\u00edt v kuchyni materi\u00e1ly, je\u017e jsou z praktick\u00e9ho hlediska naprosto k ni\u010demu? Plynou z toho rizika, jako mohou b\u00fdt pr\u00e1v\u011b tato: \u2013 Polit\u00ed pracovn\u00ed desky m\u016f\u017ee znamenat jej\u00ed zkroucen\u00ed \u2013 P\u0159ed\u010dasn\u00e9 zni\u010den\u00ed vlivem zat\u00e9k\u00e1n\u00ed vody \u2013 Agresivn\u00ed \u0161\u0165\u00e1vy z potravin mohou zm\u011bnit barvu materi\u00e1lu \u2013 Konstrukce se m\u016f\u017ee cel\u00e1 proh\u00fdbat \u2013 Po n\u011bkolika letech mohou vyblednout ve\u0161ker\u00e9 barvy Co z t\u011bchto rizik plyne? Je to p\u0159edev\u0161\u00edm investice do kvalitn\u00edch materi\u00e1l\u016f. Ano, bude to n\u011bco st\u00e1t, ale za sv\u00e9 pen\u00edze dostanete kvalitn\u00ed v\u00fdrobky, d\u00edky kter\u00fdm budete moci vybavit svou dom\u00e1cnost kvalitn\u011b, a to s v\u00fdhledem na mnoho let, ba dokonce na mnoho des\u00edtek let. To ji\u017e stoj\u00ed i za tu v\u011bt\u0161\u00ed investici, kterou v t\u00e9to oblasti m\u016f\u017eete u\u010dinit.   Kde nakupovat kvalitn\u011b? Je-li va\u0161\u00edm c\u00edlem kvalitn\u00ed kuchy\u0148sk\u00e1 linka, kter\u00e1 bude spl\u0148ovat ve\u0161ker\u00e9 po\u017eadavky a n\u00e1roky na kvalitu, nenechejte se zm\u00e1st n\u00edzk\u00fdmi cenami r\u016fzn\u00fdch \u0159et\u011bzc\u016f, ale nakupujte u specialist\u016f, kte\u0159\u00ed v\u00e1m mohou garantovat kvalitu ka\u017ed\u00e9ho jednotliv\u00e9ho v\u00fdrobku.                                                                                                                                                                                                                                                                                                                                                                                                  "},{"@context":"https:\/\/schema.org\/","@type":"BreadcrumbList","itemListElement":[{"@type":"ListItem","position":1,"name":"Dum A Zahrada","item":"https:\/\/www.esfr.cz\/dum-a-zahrada\/#breadcrumbitem"},{"@type":"ListItem","position":2,"name":"Kuchyn\u011b je m\u00edsto s nejvy\u0161\u0161\u00edmi n\u00e1roky","item":"https:\/\/www.esfr.cz\/dum-a-zahrada\/kuchyne-je-misto-s-nejvyssimi-naroky\/#breadcrumbitem"}]}]