[{"@context":"https:\/\/schema.org\/","@type":"Article","@id":"https:\/\/www.esfr.cz\/dum-a-zahrada\/kompletny-vlasovy-styling\/#Article","mainEntityOfPage":"https:\/\/www.esfr.cz\/dum-a-zahrada\/kompletny-vlasovy-styling\/","headline":"Kompletn\u00fd vlasov\u00fd styling","name":"Kompletn\u00fd vlasov\u00fd styling","description":"O korunu kr\u00e1sy sa treba patri\u010dne stara\u0165. Vyberte si kvalitn\u00fa kozmetiku a zosta\u0148te vern\u00fd len jednej zna\u010dke vo v\u0161etk\u00fdch produktoch pre starostlivos\u0165 o vlasy. Vysk\u00fa\u0161ajte zna\u010dku Kallos, ktor\u00e1 pon\u00faka kompletn\u00fd rad produktov vlasovej starostlivosti. N\u00e1jdete u n\u00e1s vlasov\u00e9 tu\u017eidl\u00e1, laky, g\u00e9ly, \u0161amp\u00f3ny, ale aj farby \u010di peroxidy na vlasy. Ka\u017ed\u00fd z produktov sp\u013a\u0148a pr\u00edsne krit\u00e9ri\u00e1 [&hellip;]","datePublished":"2023-10-20","dateModified":"2023-10-20","author":{"@type":"Person","@id":"https:\/\/www.esfr.cz\/author\/#Person","name":"","url":"https:\/\/www.esfr.cz\/author\/","identifier":1,"image":{"@type":"ImageObject","@id":"https:\/\/secure.gravatar.com\/avatar\/2d2e3fdaba6370eba756fb4048c695326686ff29010a0df4d58b27c20544521d?s=96&d=mm&r=g","url":"https:\/\/secure.gravatar.com\/avatar\/2d2e3fdaba6370eba756fb4048c695326686ff29010a0df4d58b27c20544521d?s=96&d=mm&r=g","height":96,"width":96}},"publisher":{"@type":"Organization","name":"esfr.cz","logo":{"@type":"ImageObject","@id":"\/logo.png","url":"\/logo.png","width":600,"height":60}},"url":"https:\/\/www.esfr.cz\/dum-a-zahrada\/kompletny-vlasovy-styling\/","wordCount":217,"articleBody":"O korunu kr\u00e1sy sa treba patri\u010dne stara\u0165. Vyberte si kvalitn\u00fa kozmetiku a zosta\u0148te vern\u00fd len jednej zna\u010dke vo v\u0161etk\u00fdch produktoch pre starostlivos\u0165 o vlasy. Vysk\u00fa\u0161ajte zna\u010dku Kallos, ktor\u00e1 pon\u00faka kompletn\u00fd rad produktov vlasovej starostlivosti. N\u00e1jdete u n\u00e1s vlasov\u00e9 tu\u017eidl\u00e1, laky, g\u00e9ly, \u0161amp\u00f3ny, ale aj farby \u010di peroxidy na vlasy. Ka\u017ed\u00fd z produktov sp\u013a\u0148a pr\u00edsne krit\u00e9ri\u00e1 a preto si ho ob\u013e\u00fabili okrem \u017eien aj kadern\u00edcke sal\u00f3ny. Nez\u00e1le\u017e\u00ed na tom, ak\u00fd typ vlasov m\u00e1te. Aj tie najjemnej\u0161ie a najnepoddajnej\u0161ie vlasy m\u00f4\u017eu vyzera\u0165 ako z plag\u00e1tov. Chce to len tie spr\u00e1vne produkty.\tZdrav\u00e9 vlasyHoci je genetika siln\u00fdm atrib\u00fatom v tom, \u010do ur\u010duje, ako va\u0161e vlasy vyzeraj\u00fa, ve\u013emi sa d\u00e1 pom\u00f4c\u0165 aj zvonku. Pou\u017eit\u00edm vybran\u00fdch vlasov\u00fdch produktov zna\u010dky Kallos m\u00f4\u017eete docieli\u0165 zdrav\u00fd vzh\u013ead vlasov u\u017e od korienkov. Pon\u00fakame pre vlasy len t\u00fa najd\u00f4kladnej\u0161iu starostlivos\u0165, nielen \u010do sa t\u00fdka v\u00fd\u017eivov\u00fdch \u0161amp\u00f3nov, masiek a kondicion\u00e9rov, ale aj produktov na vytvorenie bo\u017esk\u00e9ho stylingu. V\u0161etko spolu v jednom bal\u00ed\u010dku, aby ste sa o vlasy postarali tak, ako si to zasl\u00fa\u017eia!                                                                                                                                                                                                                                                                                                                                                                                                "},{"@context":"https:\/\/schema.org\/","@type":"BreadcrumbList","itemListElement":[{"@type":"ListItem","position":1,"name":"Dum A Zahrada","item":"https:\/\/www.esfr.cz\/dum-a-zahrada\/#breadcrumbitem"},{"@type":"ListItem","position":2,"name":"Kompletn\u00fd vlasov\u00fd styling","item":"https:\/\/www.esfr.cz\/dum-a-zahrada\/kompletny-vlasovy-styling\/#breadcrumbitem"}]}]