[{"@context":"https:\/\/schema.org\/","@type":"Article","@id":"https:\/\/www.esfr.cz\/dum-a-zahrada\/kombinace-barev-a-stylu-v-mode\/#Article","mainEntityOfPage":"https:\/\/www.esfr.cz\/dum-a-zahrada\/kombinace-barev-a-stylu-v-mode\/","headline":"Kombinace barev a styl\u016f v m\u00f3d\u011b","name":"Kombinace barev a styl\u016f v m\u00f3d\u011b","description":"\u010cerven\u00e1 ko\u017een\u00e1 kabelka se skv\u011ble hod\u00ed ke kr\u00e1sn\u00fdm \u010derven\u00fdm lodi\u010dk\u00e1m. Zv\u00fdrazn\u00edte svou osobnost a tak\u00e9 budete m\u00edt dokonal\u00fd styl outfitu. Kombinace t\u011bchto v\u00fdjime\u010dn\u00fdch barev nezn\u00e1 mez\u00ed. M\u016f\u017eete takovouto ta\u0161ku sladit k \u0161at\u016fm, ve\u010dern\u00ed r\u00f3b\u011b nebo nosit \u010dervenou jen tak pro obdiv ostatn\u00edch. \u00d8 Ko\u017een\u00fd materi\u00e1l se nav\u00edc skv\u011ble nos\u00ed, je to praktick\u00fd materi\u00e1l, dlouho vydr\u017e\u00ed [&hellip;]","datePublished":"2017-12-24","dateModified":"2017-12-24","author":{"@type":"Person","@id":"https:\/\/www.esfr.cz\/author\/#Person","name":"","url":"https:\/\/www.esfr.cz\/author\/","identifier":1,"image":{"@type":"ImageObject","@id":"https:\/\/secure.gravatar.com\/avatar\/2d2e3fdaba6370eba756fb4048c695326686ff29010a0df4d58b27c20544521d?s=96&d=mm&r=g","url":"https:\/\/secure.gravatar.com\/avatar\/2d2e3fdaba6370eba756fb4048c695326686ff29010a0df4d58b27c20544521d?s=96&d=mm&r=g","height":96,"width":96}},"publisher":{"@type":"Organization","name":"esfr.cz","logo":{"@type":"ImageObject","@id":"\/logo.png","url":"\/logo.png","width":600,"height":60}},"image":{"@type":"ImageObject","@id":"https:\/\/www.esfr.cz\/wp-content\/uploads\/img_a315849_w2435_t1526762073.png","url":"https:\/\/www.esfr.cz\/wp-content\/uploads\/img_a315849_w2435_t1526762073.png","height":0,"width":0},"url":"https:\/\/www.esfr.cz\/dum-a-zahrada\/kombinace-barev-a-stylu-v-mode\/","wordCount":461,"articleBody":"          \u010cerven\u00e1 ko\u017een\u00e1 kabelka se skv\u011ble hod\u00ed ke kr\u00e1sn\u00fdm \u010derven\u00fdm lodi\u010dk\u00e1m. Zv\u00fdrazn\u00edte svou osobnost a tak\u00e9 budete m\u00edt dokonal\u00fd styl outfitu. Kombinace t\u011bchto v\u00fdjime\u010dn\u00fdch barev nezn\u00e1 mez\u00ed. M\u016f\u017eete takovouto ta\u0161ku sladit k \u0161at\u016fm, ve\u010dern\u00ed r\u00f3b\u011b nebo nosit \u010dervenou jen tak pro obdiv ostatn\u00edch. \u00d8 Ko\u017een\u00fd materi\u00e1l se nav\u00edc skv\u011ble nos\u00ed, je to praktick\u00fd materi\u00e1l, dlouho vydr\u017e\u00ed a vypad\u00e1 po\u0159\u00e1d \u00fa\u017easn\u011b. Jen tak lehce se neu\u0161pin\u00ed ani nezni\u010d\u00ed a kvalitn\u00ed produkty, kter\u00e9 v na\u0161\u00ed nab\u00eddce najdete, jsou nav\u00edc za skv\u011blou cenu, tak bu\u010fte pro jednou odv\u00e1\u017en\u00e1 a inspiruj\u00edc\u00ed! \u00d8 Kabelky se skv\u011ble nos\u00ed, jsou \u017eensk\u00e9, podtrhuj\u00ed na\u0161i kr\u00e1su a p\u016fvab. V\u017edy jsou stylov\u00e9 a tak dob\u0159e se nos\u00ed. Snad ka\u017ed\u00e1 \u017eena m\u00e1 n\u011bjakou ve sv\u00e9 sb\u00edrce, ale tato v\u00fdrazn\u00e1 barva je sp\u00ed\u0161e v\u00fdjime\u010dn\u00e1. Nebu\u010fte f\u00e1dn\u00ed a nudn\u00e1 a po\u0159i\u010fte si kone\u010dn\u011b n\u011bco, co upout\u00e1 pozornost a dolad\u00ed v\u00e1\u0161 \u0161atn\u00edk k dokonalosti. Bu\u010fte sv\u00e1 a fascinuj\u00edc\u00ed \u010cerven\u00e1 rozhodn\u011b bud\u00ed pozornost. Nejenom pro mu\u017ee, ale i pro ostatn\u00ed \u017eeny, kter\u00e9 budou jen ti\u0161e z\u00e1vid\u011bt. Skvostn\u00fd styl slad\u00edte k bot\u00e1m, \u0161at\u016fm, sukni i ke kalhot\u00e1m. D\u00edky t\u00e9to barv\u011b a dopl\u0148k\u016fm m\u016f\u017eete vykouzlit pohodln\u00fd outfit do pr\u00e1ce, do m\u011bsta nebo na ve\u010dern\u00ed akci. Hod\u00ed se jak pro b\u011b\u017en\u00e9 no\u0161en\u00ed, alespo\u0148 t\u00edm trochu o\u017eiv\u00edte a zv\u00fdrazn\u00edte svou osobnost, tak se tak\u00e9 skv\u011ble hod\u00ed i pro lep\u0161\u00ed a v\u00fdznamn\u011bj\u0161\u00ed ud\u00e1losti. Kabelka m\u00e1 zkr\u00e1tka na ka\u017ed\u00e9m rameni sv\u00e9 m\u00edsto! Kombinace prvk\u016f Tuto okouzluj\u00edc\u00ed barvu nav\u00edc skv\u011ble slad\u00edte s b\u00edlou nebo tak\u00e9 klasickou \u010dernou. Ov\u0161em nemus\u00edte se b\u00e1t tak\u00e9 experiment\u016f, jist\u011b ve sv\u00e9m \u0161atn\u00edku najdete i zaj\u00edmav\u00fd kab\u00e1t nebo koza\u010dky, kter\u00e9 skv\u011ble slad\u00edte a budete vypadat n\u00e1ramn\u011b. S par\u00e1dn\u00ed ta\u0161kou p\u0159es rameno zkr\u00e1tka zabodujete!  Praktick\u00e9 vyu\u017eit\u00ed kabelky V\u0161echny ji vlastn\u00edme a v\u0161echny ji m\u00e1me r\u00e1di. Kabelky se nos\u00ed neust\u00e1le, jsou praktick\u00e9 a po\u0159\u00e1d tak stra\u0161n\u011b vyt\u00ed\u017een\u00e9, proto\u017ee v\u0161echny \u017eeny v nich n\u011bco nos\u00ed. Obsah v\u0161ak z\u016fstane v\u017edy skryt\u00fd. Jsou praktick\u00e9, velk\u00e9 nebo mal\u00e9. M\u016f\u017eete si vyb\u00edrat zaj\u00edmav\u00fd st\u0159ih i typ nebo barvu a proto n\u00e1sledn\u011b m\u016f\u017eete upoutat a zaujmou pozornost v\u0161ech ostatn\u00edch nap\u0159\u00edklad v\u00fdrazn\u00fdm typem, kter\u00fd v\u0161echny okolo osln\u00ed!                                                                                                                                                                                                                                                                                                                                                                                                  "},{"@context":"https:\/\/schema.org\/","@type":"BreadcrumbList","itemListElement":[{"@type":"ListItem","position":1,"name":"Dum A Zahrada","item":"https:\/\/www.esfr.cz\/dum-a-zahrada\/#breadcrumbitem"},{"@type":"ListItem","position":2,"name":"Kombinace barev a styl\u016f v m\u00f3d\u011b","item":"https:\/\/www.esfr.cz\/dum-a-zahrada\/kombinace-barev-a-stylu-v-mode\/#breadcrumbitem"}]}]