[{"@context":"https:\/\/schema.org\/","@type":"Article","@id":"https:\/\/www.esfr.cz\/dum-a-zahrada\/kde-se-rodi-krasa-selvintech\/#Article","mainEntityOfPage":"https:\/\/www.esfr.cz\/dum-a-zahrada\/kde-se-rodi-krasa-selvintech\/","headline":"Kde se rod\u00ed kr\u00e1sa &#8211; Selvintech","name":"Kde se rod\u00ed kr\u00e1sa &#8211; Selvintech","description":"Snad ka\u017ed\u00fd by to cht\u011bl m\u00edt doma hezk\u00e9. A proto si tam, ale klidn\u011b i na chatu, na pracovi\u0161t\u011b nebo kamkoliv jinam, po\u0159izujeme nejen to, co je n\u00e1m n\u011bjak\u00fdm zp\u016fsobem u\u017eite\u010dn\u00e9, co n\u00e1m prokazuje n\u011bjakou slu\u017ebu, ale i to, co m\u00e1 jedin\u00fd \u00fa\u010del. Prostor, kde se to nal\u00e9z\u00e1, zkr\u00e1\u0161lit, z\u00fatulnit. A odkud se ony r\u016fzn\u00e9 [&hellip;]","datePublished":"2019-09-08","dateModified":"2019-09-08","author":{"@type":"Person","@id":"https:\/\/www.esfr.cz\/author\/#Person","name":"","url":"https:\/\/www.esfr.cz\/author\/","identifier":1,"image":{"@type":"ImageObject","@id":"https:\/\/secure.gravatar.com\/avatar\/2d2e3fdaba6370eba756fb4048c695326686ff29010a0df4d58b27c20544521d?s=96&d=mm&r=g","url":"https:\/\/secure.gravatar.com\/avatar\/2d2e3fdaba6370eba756fb4048c695326686ff29010a0df4d58b27c20544521d?s=96&d=mm&r=g","height":96,"width":96}},"publisher":{"@type":"Organization","name":"esfr.cz","logo":{"@type":"ImageObject","@id":"\/logo.png","url":"\/logo.png","width":600,"height":60}},"image":{"@type":"ImageObject","@id":"https:\/\/www.esfr.cz\/wp-content\/uploads\/img_a363420_w1681_t1576138421.jpg","url":"https:\/\/www.esfr.cz\/wp-content\/uploads\/img_a363420_w1681_t1576138421.jpg","height":0,"width":0},"url":"https:\/\/www.esfr.cz\/dum-a-zahrada\/kde-se-rodi-krasa-selvintech\/","wordCount":462,"articleBody":"            Snad ka\u017ed\u00fd by to cht\u011bl m\u00edt doma hezk\u00e9. A proto si tam, ale klidn\u011b i na chatu, na pracovi\u0161t\u011b nebo kamkoliv jinam, po\u0159izujeme nejen to, co je n\u00e1m n\u011bjak\u00fdm zp\u016fsobem u\u017eite\u010dn\u00e9, co n\u00e1m prokazuje n\u011bjakou slu\u017ebu, ale i to, co m\u00e1 jedin\u00fd \u00fa\u010del. Prostor, kde se to nal\u00e9z\u00e1, zkr\u00e1\u0161lit, z\u00fatulnit. A odkud se ony r\u016fzn\u00e9 mali\u010dkosti, je\u017e n\u00e1m zdokonaluj\u00ed okoln\u00ed prost\u0159ed\u00ed, berou?  Zdroj\u016f, z nich\u017e tyto vzch\u00e1zej\u00ed, je pochopiteln\u011b cel\u00e1 \u0159ada. A mezi ty nejcen\u011bn\u011bj\u0161\u00ed pat\u0159\u00ed Selvintech. Co\u017e je spole\u010dnost s ru\u010den\u00edm omezen\u00fdm, je\u017e n\u00e1\u0161 trh z\u00e1sobuje u\u017e po hodn\u011b dlouhou dobu v\u00fdhradn\u011b t\u011bmi nejkvalitn\u011bj\u0161\u00edmi ru\u010dn\u011b d\u011blan\u00fdmi https:\/\/www.youtube.com\/watch%3Fv%3DuIarhCkZr0k  ozdobami a dekoracemi, je\u017e nal\u00e9zaj\u00ed sv\u00e9 uplatn\u011bn\u00ed leckde a leckdy. Pochopiteln\u011b snad nej\u010dast\u011bji ve v\u00e1no\u010dn\u00edm \u010dase, ale ur\u010dit\u011b ne jenom tehdy. Od t\u00e9to firmy poch\u00e1z\u00ed lecjak\u00e9 dekora\u010dn\u00ed p\u0159edm\u011bty, kter\u00e9 jsou z estetick\u00e9ho hlediska dokonal\u00e9, a p\u0159itom cenov\u011b velice p\u0159ijateln\u00e9. A jedn\u00e1 se z\u00e1sadn\u011b o v\u00fdtvory zlat\u00fdch \u010desk\u00fdch ru\u010di\u010dek, ne o n\u011bco vyr\u00e1b\u011bn\u00e9ho strojov\u011b po cel\u00fdch velk\u00fdch kvantech. Co kus, to unik\u00e1t, v n\u011bm\u017e se ukr\u00fdv\u00e1 zna\u010dn\u00e9 mno\u017estv\u00ed lidsk\u00e9 pr\u00e1ce, kreativity a umu.  Proto\u017ee pr\u00e1v\u011b na toto tento v\u00fdrobce s\u00e1z\u00ed. Na \u0161pi\u010dkovou kvalitu, je\u017e se hod\u00ed jak na v\u00e1no\u010dn\u00ed strome\u010dek, tak t\u0159eba i coby d\u00e1rek pro n\u011bkoho, na kom n\u00e1m z\u00e1le\u017e\u00ed, talisman pro \u0161t\u011bst\u00ed, reklamn\u00ed v\u011bci\u010dka nesouc\u00ed t\u0159eba i firemn\u00ed logo objednavatele. Ka\u017ed\u00fd si tu zaru\u010den\u011b vybere n\u011bco, co se mu zamlouv\u00e1, p\u0159\u00edpadn\u011b si tu m\u016f\u017ee objednat i n\u011bco p\u0159esn\u011b podle sv\u00fdch vlastn\u00edch p\u0159edstav. A nen\u00ed tud\u00ed\u017e divu, \u017ee se n\u011bco takov\u00e9ho t\u011b\u0161\u00ed oblib\u011b nejen u n\u00e1s, ale i v jin\u00fdch zem\u00edch Evropsk\u00e9 unie, kam zna\u010dn\u00e1 \u010d\u00e1st zdej\u0161\u00ed produkce sm\u011b\u0159uje. Selvintech s. r. o. prost\u011b pat\u0159\u00ed k tomu nejlep\u0161\u00edmu, co v dan\u00e9m oboru existuje. O \u010dem\u017e sv\u011bd\u010d\u00ed i recenze a zku\u0161enosti jeho \u010detn\u00fdch z\u00e1kazn\u00edk\u016f. A nejen z\u00e1kazn\u00edk\u016f. Proto\u017ee tato firma sou\u010dasn\u011b d\u00e1v\u00e1 i mo\u017enost p\u0159ivyd\u011blat si \u0161ikovn\u00fdm lidem maj\u00edc\u00edm dostatek \u010dasu na to, aby si \u201ahr\u00e1li\u2018, aby vypiplali kdejak\u00fd ten kr\u00e1sn\u00fd p\u0159edm\u011bt k naprost\u00e9 dokonalosti. A pochybuji, \u017ee by se tento podnik v n\u011bjak\u00e9m ohledu nezavd\u011b\u010dil i v\u00e1m.                                                                                                                                                                                                                                                                                                                                                                                                   "},{"@context":"https:\/\/schema.org\/","@type":"BreadcrumbList","itemListElement":[{"@type":"ListItem","position":1,"name":"Dum A Zahrada","item":"https:\/\/www.esfr.cz\/dum-a-zahrada\/#breadcrumbitem"},{"@type":"ListItem","position":2,"name":"Kde se rod\u00ed kr\u00e1sa &#8211; Selvintech","item":"https:\/\/www.esfr.cz\/dum-a-zahrada\/kde-se-rodi-krasa-selvintech\/#breadcrumbitem"}]}]