[{"@context":"https:\/\/schema.org\/","@type":"Article","@id":"https:\/\/www.esfr.cz\/dum-a-zahrada\/drevena-fasada-a-barvy\/#Article","mainEntityOfPage":"https:\/\/www.esfr.cz\/dum-a-zahrada\/drevena-fasada-a-barvy\/","headline":"D\u0159ev\u011bn\u00e1 fas\u00e1da a barvy","name":"D\u0159ev\u011bn\u00e1 fas\u00e1da a barvy","description":"V dne\u0161n\u00ed dob\u011b je za takov\u00fd modern\u00ed trend pova\u017eov\u00e1n obvodov\u00fd pl\u00e1\u0161\u0165, kter\u00fd je vyroben ze d\u0159ev\u011bn\u00e9ho materi\u00e1lu. Nen\u00ed se tak\u00e9 \u010demu divit, jeliko\u017e vypad\u00e1 naprosto skv\u011ble. Velk\u00e1 spousta lid\u00ed se ale takovou d\u0159ev\u011bnou fas\u00e1du sna\u017e\u00ed doplnit o barvy. Lid\u00e9 na t\u00e9ma d\u0159ev\u011bn\u00e1 fas\u00e1da a barvy ve v\u0161elijak\u00fdch diskuz\u00edch, kter\u00e9 m\u016f\u017eete naj\u00edt na internetu, maj\u00ed r\u016fzn\u00e9 [&hellip;]","datePublished":"2019-09-15","dateModified":"2019-09-15","author":{"@type":"Person","@id":"https:\/\/www.esfr.cz\/author\/#Person","name":"","url":"https:\/\/www.esfr.cz\/author\/","identifier":1,"image":{"@type":"ImageObject","@id":"https:\/\/secure.gravatar.com\/avatar\/2d2e3fdaba6370eba756fb4048c695326686ff29010a0df4d58b27c20544521d?s=96&d=mm&r=g","url":"https:\/\/secure.gravatar.com\/avatar\/2d2e3fdaba6370eba756fb4048c695326686ff29010a0df4d58b27c20544521d?s=96&d=mm&r=g","height":96,"width":96}},"publisher":{"@type":"Organization","name":"esfr.cz","logo":{"@type":"ImageObject","@id":"\/logo.png","url":"\/logo.png","width":600,"height":60}},"image":{"@type":"ImageObject","@id":"https:\/\/www.esfr.cz\/wp-content\/uploads\/img_a360275_w1681_t1574087769.jpg","url":"https:\/\/www.esfr.cz\/wp-content\/uploads\/img_a360275_w1681_t1574087769.jpg","height":0,"width":0},"url":"https:\/\/www.esfr.cz\/dum-a-zahrada\/drevena-fasada-a-barvy\/","wordCount":434,"articleBody":"      V dne\u0161n\u00ed dob\u011b je za takov\u00fd modern\u00ed trend pova\u017eov\u00e1n obvodov\u00fd pl\u00e1\u0161\u0165, kter\u00fd je vyroben ze d\u0159ev\u011bn\u00e9ho materi\u00e1lu. Nen\u00ed se tak\u00e9 \u010demu divit, jeliko\u017e vypad\u00e1 naprosto skv\u011ble. Velk\u00e1 spousta lid\u00ed se ale takovou d\u0159ev\u011bnou fas\u00e1du sna\u017e\u00ed doplnit o barvy. Lid\u00e9 na t\u00e9ma d\u0159ev\u011bn\u00e1 fas\u00e1da a barvy ve v\u0161elijak\u00fdch diskuz\u00edch, kter\u00e9 m\u016f\u017eete naj\u00edt na internetu, maj\u00ed r\u016fzn\u00e9 n\u00e1zory. N\u011bkter\u00fdm se n\u011bco takov\u00e9ho l\u00edb\u00ed a n\u011bkter\u00fdm zase ne. V\u017edy je to o vkusu ka\u017ed\u00e9ho z n\u00e1s. Ne nadarmo se \u0159\u00edk\u00e1 sto lid\u00ed, sto chut\u00ed. My se p\u0159ikl\u00e1n\u00edme na stranu toho, \u017ee d\u0159ev\u011bn\u00e9 fas\u00e1dy jsou mnohem esteti\u010dt\u011bj\u0161\u00ed, kdy\u017e jsou bez barev. Jsou toti\u017e samy osob\u011b naprosto skv\u011bl\u00e9 a rozhodn\u011b nepot\u0159ebuj\u00ed n\u011bjakou dal\u0161\u00ed designovou \u00fapravu. Jestli je ale n\u011bco, na co je pot\u0159eba u obvodov\u00fdch pl\u00e1\u0161\u0165\u016f ze d\u0159eva opravdu db\u00e1t, pak je to jejich spravov\u00e1n\u00ed. Pokud se toti\u017e o takov\u00fd obvodov\u00fd pl\u00e1\u0161\u0165 nebudete starat a to je\u0161t\u011b nav\u00edc dob\u0159e, m\u016f\u017eete na to doplatit. Ur\u010dit\u011b ani vy nestoj\u00edte o fas\u00e1du, kter\u00e1 nevypad\u00e1 zrovna nejl\u00e9pe. Existuje hned n\u011bkolik typ\u016f tohoto pl\u00e1\u0161t\u011b. Nejv\u00edce se asi pou\u017e\u00edvaj\u00ed ty, kter\u00e9 maj\u00ed schopnost se samy odv\u011btr\u00e1vat. Tato schopnost je opravdu skv\u011bl\u00e1, proto\u017ee d\u00edky n\u00ed m\u00e1te u\u0161et\u0159eno spoustu starost\u00ed. Na trhu se ale m\u016f\u017eete setkat i s fas\u00e1dami d\u0159ev\u011bn\u00e9ho typu, kter\u00e9 nen\u00ed pot\u0159eba udr\u017eovat. Tento typ je vyroben nej\u010dast\u011bji ze smrku, kter\u00fd toho vydr\u017e\u00ed velmi hodn\u011b. Rozhodnout se ale ur\u010dit\u011b nemus\u00edte jen pro fas\u00e1du, kter\u00e1 je ze d\u0159eva. Pokud r\u00e1di hled\u00e1te inspirace, kter\u00e9 m\u016f\u017eete v\u0161ude po internetu naj\u00edt, jist\u011b jste u\u017e narazili i na jin\u00e9 druhy fas\u00e1d. Rozhodn\u011b jich nen\u00ed m\u00e1lo, tak\u017ee je tedy z \u010deho vyb\u00edrat. Pokud byste se cht\u011bli poradit s n\u011bk\u00fdm, kdo n\u011b\u010demu takov\u00e9mu skute\u010dn\u011b rozum\u00ed, pak ur\u010dit\u011b m\u016f\u017eete. Sta\u010d\u00ed jen, kdy\u017e si vyhled\u00e1te n\u011bjak\u00e9ho toho odborn\u00edka, kter\u00fd v\u00e1m jist\u011b r\u00e1d zodpov\u00ed v\u0161echny va\u0161e ot\u00e1zky. Je ale pot\u0159eba se toho neb\u00e1t. Odborn\u00edk v\u00e1s jist\u011b neukousne. Ba pr\u00e1v\u011b naopak. Porad\u00ed v\u00e1m natolik, abyste mohli b\u00fdt s v\u00fdsledkem v\u00edce ne\u017e spokojeni. Na tom nejv\u00edce z\u00e1le\u017e\u00ed.                                                                                                                                                                                                                                                                                                                                                                                                 "},{"@context":"https:\/\/schema.org\/","@type":"BreadcrumbList","itemListElement":[{"@type":"ListItem","position":1,"name":"Dum A Zahrada","item":"https:\/\/www.esfr.cz\/dum-a-zahrada\/#breadcrumbitem"},{"@type":"ListItem","position":2,"name":"D\u0159ev\u011bn\u00e1 fas\u00e1da a barvy","item":"https:\/\/www.esfr.cz\/dum-a-zahrada\/drevena-fasada-a-barvy\/#breadcrumbitem"}]}]