[{"@context":"https:\/\/schema.org\/","@type":"Article","@id":"https:\/\/www.esfr.cz\/dum-a-zahrada\/co-ma-mit-kuchyn\/#Article","mainEntityOfPage":"https:\/\/www.esfr.cz\/dum-a-zahrada\/co-ma-mit-kuchyn\/","headline":"Co m\u00e1 m\u00edt kuchy\u0148?","name":"Co m\u00e1 m\u00edt kuchy\u0148?","description":"Ka\u017ed\u00e1 \u017eena sn\u00ed o kr\u00e1sn\u00e9 kuchyni, to v\u00e1m m\u016f\u017eu \u0159\u00edct na sto procent. J\u00e1 jsem \u017eena a kdybych nem\u011bla n\u00e1dhernou prostornou kuchy\u0148, ve kter\u00e9 se n\u00ed bude dob\u0159e va\u0159it a budu se v n\u00ed c\u00edtit dob\u0159e, asi bych ani v tom byt\u011b necht\u011bla bydlet. Mo\u017en\u00e1 si \u0159eknete a polo\u017e\u00edte v hlav\u011b ot\u00e1zku, jak je mo\u017en\u00e9, [&hellip;]","datePublished":"2024-08-16","dateModified":"2024-08-16","author":{"@type":"Person","@id":"https:\/\/www.esfr.cz\/author\/#Person","name":"","url":"https:\/\/www.esfr.cz\/author\/","identifier":1,"image":{"@type":"ImageObject","@id":"https:\/\/secure.gravatar.com\/avatar\/2d2e3fdaba6370eba756fb4048c695326686ff29010a0df4d58b27c20544521d?s=96&d=mm&r=g","url":"https:\/\/secure.gravatar.com\/avatar\/2d2e3fdaba6370eba756fb4048c695326686ff29010a0df4d58b27c20544521d?s=96&d=mm&r=g","height":96,"width":96}},"publisher":{"@type":"Organization","name":"esfr.cz","logo":{"@type":"ImageObject","@id":"\/logo.png","url":"\/logo.png","width":600,"height":60}},"image":{"@type":"ImageObject","@id":"https:\/\/www.esfr.cz\/wp-content\/uploads\/kuchyn%C4%9B_7.jpg","url":"https:\/\/www.esfr.cz\/wp-content\/uploads\/kuchyn%C4%9B_7.jpg","height":0,"width":0},"url":"https:\/\/www.esfr.cz\/dum-a-zahrada\/co-ma-mit-kuchyn\/","wordCount":407,"articleBody":"        Ka\u017ed\u00e1 \u017eena sn\u00ed o kr\u00e1sn\u00e9 kuchyni, to v\u00e1m m\u016f\u017eu \u0159\u00edct na sto procent. J\u00e1 jsem \u017eena a kdybych nem\u011bla n\u00e1dhernou prostornou kuchy\u0148, ve kter\u00e9 se n\u00ed bude dob\u0159e va\u0159it a budu se v n\u00ed c\u00edtit dob\u0159e, asi bych ani v tom byt\u011b necht\u011bla bydlet. Mo\u017en\u00e1 si \u0159eknete a polo\u017e\u00edte v hlav\u011b ot\u00e1zku, jak je mo\u017en\u00e9, \u017ee kdybych nem\u011bla hezkou kuchyni, \u017ee bych v tom byt\u011b necht\u011bla bydlet? Hned v\u00e1m pov\u00edm pro\u010d. J\u00e1 jako\u017eto \u017eena hrozn\u011b r\u00e1da va\u0159\u00edm. Ne\u0159\u00edk\u00e1m, \u017ee tomu tak bylo v\u017edycky, ale posledn\u00edch p\u00e1r rok\u016f jsem si k va\u0159en\u00ed na\u0161la hodn\u011b velk\u00fd vztah. A proto bez kr\u00e1sn\u00e9 kuchyn\u011b, kter\u00e1 by se mi l\u00edbila jak viz\u00e1\u017e\u00ed, tak t\u00edm, co um\u00ed, u\u017e bych asi nedala ani r\u00e1nu. Na druhou stranu, splnit realizaci kuchyne na miru praha nen\u00ed a\u017e tak jednoduch\u00e9. Pokud chcete opravdu jak se \u0159\u00edk\u00e1 top kuchyni, kter\u00e1 bude do posledn\u00edho detailu takov\u00e1, jak si p\u0159ejete, tak mus\u00edte naj\u00edt kvalitn\u00ed a skv\u011blou firmu, kter\u00e1 v\u00e1m ji ud\u011bl\u00e1 p\u0159esn\u011b podle va\u0161ich p\u0159edstav. A jak u\u017e jsem zm\u00ednila, nen\u00ed to v\u016fbec jednoduch\u00e9, tak\u017ee v\u00e1m r\u00e1da d\u00e1m tip na firmu, kter\u00e1 se realizac\u00ed kuchyn\u011b zab\u00fdv\u00e1 a vyr\u00e1b\u00ed n\u00e1dhern\u00e9 kuchyn\u011b p\u0159esn\u011b na m\u00edru. Jak se firma, co kuchyn\u011b d\u011bl\u00e1, jmenuje? No p\u0159ece Kuchyn\u011b Glanc. Tuhle firmu zn\u00e1m u\u017e p\u00e1r let. Za sv\u016fj \u017eivot jsem se setkala s n\u011bkolika v\u00fdrobci kuchyn\u00ed, ale m\u016f\u017eu v\u00e1m \u0159\u00edct, \u017ee Kuchyn\u011b Glanc je prost\u011b nejlep\u0161\u00ed firma, kter\u00e1 v\u00e1m vyrob\u00ed takovou kuchyni, do kter\u00e9 se prost\u011b zamiluje, proto\u017ee bude prost\u011b je\u0161t\u011b lep\u0161\u00ed ne\u017e ve va\u0161ich p\u0159edstav\u00e1ch.Kde firmu najdu?Sta\u010d\u00ed se pod\u00edvat na jejich webov\u00e9 str\u00e1nky anebo si prost\u011b jenom do vyhled\u00e1va\u010de zadat kuchyn\u011b glanc a on u\u017e v\u00e1m vyjede odkaz. Maj\u00ed dokonce i galerii s fotkami kuchyn\u00ed a jedna je kr\u00e1sn\u011bj\u0161\u00ed ne\u017e druh\u00e1. Up\u0159\u00edmn\u011b z toho m\u00e1m velkou radost, \u017ee jsem tuhle firmu poznala a nelituji toho ani n\u00e1hodou. Pokud uva\u017eujete o nov\u00e9 kuchyni a cht\u011bli byste opravdu n\u011bjakou, kter\u00e1 by za to st\u00e1la, tak t\u00e9hle firm\u011b dejte ur\u010dit\u011b \u0161anci.                                                                                                                                                                                                                                                                                                                                                                                                  "},{"@context":"https:\/\/schema.org\/","@type":"BreadcrumbList","itemListElement":[{"@type":"ListItem","position":1,"name":"Dum A Zahrada","item":"https:\/\/www.esfr.cz\/dum-a-zahrada\/#breadcrumbitem"},{"@type":"ListItem","position":2,"name":"Co m\u00e1 m\u00edt kuchy\u0148?","item":"https:\/\/www.esfr.cz\/dum-a-zahrada\/co-ma-mit-kuchyn\/#breadcrumbitem"}]}]